{"id":10347,"date":"2026-09-05T05:18:34","date_gmt":"2026-09-05T05:18:34","guid":{"rendered":"https:\/\/chelibertario.com.ar\/?p=10347"},"modified":"2026-09-05T06:22:27","modified_gmt":"2026-09-05T06:22:27","slug":"todos-estos-contra-mi","status":"publish","type":"post","link":"https:\/\/chelibertario.com.ar\/index.php\/2026\/09\/05\/todos-estos-contra-mi\/","title":{"rendered":"Todos estos contra mi"},"content":{"rendered":"\n<p class=\"wp-block-paragraph\">Esta mentalidad irrisoria recorre la pol\u00edtica argenta, gente que le encanta estar en \u00ablas sombras\u00bb como un outsaider de todo (de nada), desesperados por rascar, que de repente se involucran, el destino o algo as\u00ed los llama&#8230;.. Recuerdo la confesi\u00f3n de un panda nazi que conoc\u00ed: \u00ab<em>tres veces me llamaron para que asuma como referente del partido, era yo o fulano el malo\u00bb<\/em>.<\/p>\n\n\n\n<p class=\"wp-block-paragraph\">Despu\u00e9s avanzan con el cuadro cl\u00ednico mental, <em>yo y en frente el apocalipsis.<\/em><\/p>\n\n\n\n<p class=\"wp-block-paragraph\">Las PASO en Argentina hacen al fortalecimiento de nuestra Democracia y empoderan al ciudadano; aunque los partidos pol\u00edticos hayan embolsillado el dinero p\u00fablico que ellas significaban y como parte de ese fascismo argentino impon\u00edan La \u00danica y TreitayUnica Lista proselitista, <em>pas\u00e1ndose por la cachucha<\/em> toda interna de participaci\u00f3n ciudadana. Busquemos que sean voluntarias y los beneficios de la ley solamente para quienes la lleven a cabo.<\/p>\n","protected":false},"excerpt":{"rendered":"<p>Esta mentalidad irrisoria recorre la pol\u00edtica argenta, gente que le encanta estar en \u00ablas sombras\u00bb como un outsaider de todo (de nada), desesperados por rascar, que de repente se involucran, el destino o algo as\u00ed los llama&#8230;.. Recuerdo la confesi\u00f3n de un panda nazi que conoc\u00ed: \u00abtres veces me llamaron para que asuma como referente [&hellip;]<\/p>\n","protected":false},"author":1,"featured_media":0,"comment_status":"open","ping_status":"closed","sticky":false,"template":"","format":"standard","meta":{"footnotes":""},"categories":[1],"tags":[],"class_list":["post-10347","post","type-post","status-publish","format-standard","hentry","category-uncategorized"],"yoast_head":"<!-- This site is optimized with the Yoast SEO plugin v28.4 - https:\/\/yoast.com\/product\/yoast-seo-wordpress\/ -->\n<title>Todos estos contra mi - Che Libertario<\/title>\n<meta name=\"description\" content=\"Militantes de la libertad, desafiliados pol\u00edticos.\" \/>\n<meta name=\"robots\" content=\"index, follow, max-snippet:-1, max-image-preview:large, max-video-preview:-1\" \/>\n<link rel=\"canonical\" href=\"https:\/\/chelibertario.com.ar\/index.php\/2026\/09\/05\/todos-estos-contra-mi\/\" \/>\n<meta property=\"og:locale\" content=\"es_ES\" \/>\n<meta property=\"og:type\" content=\"article\" \/>\n<meta property=\"og:title\" content=\"Todos estos contra mi - Che Libertario\" \/>\n<meta property=\"og:description\" content=\"Militantes de la libertad, desafiliados pol\u00edticos.\" \/>\n<meta property=\"og:url\" content=\"https:\/\/chelibertario.com.ar\/index.php\/2026\/09\/05\/todos-estos-contra-mi\/\" \/>\n<meta property=\"og:site_name\" content=\"Che Libertario\" \/>\n<meta property=\"article:publisher\" content=\"https:\/\/www.facebook.com\/CheLibertario\" \/>\n<meta property=\"article:author\" content=\"facebook.com\/CheLibertario\" \/>\n<meta property=\"article:published_time\" content=\"2026-09-05T05:18:34+00:00\" \/>\n<meta property=\"article:modified_time\" content=\"2026-09-05T06:22:27+00:00\" \/>\n<meta name=\"author\" content=\"Jos\u00e9 Antonio Muhando\" \/>\n<meta name=\"twitter:card\" content=\"summary_large_image\" \/>\n<meta name=\"twitter:creator\" content=\"@https:\/\/x.com\/MuhandoJose\" \/>\n<meta name=\"twitter:site\" content=\"@MuhandoJose\" \/>\n<meta name=\"twitter:label1\" content=\"Escrito por\" \/>\n\t<meta name=\"twitter:data1\" content=\"Jos\u00e9 Antonio Muhando\" \/>\n\t<meta name=\"twitter:label2\" content=\"Tiempo de lectura\" \/>\n\t<meta name=\"twitter:data2\" content=\"1 minuto\" \/>\n<script type=\"application\/ld+json\" class=\"yoast-schema-graph\">{\"@context\":\"https:\\\/\\\/schema.org\",\"@graph\":[{\"@type\":\"Article\",\"@id\":\"https:\\\/\\\/chelibertario.com.ar\\\/index.php\\\/2026\\\/09\\\/05\\\/todos-estos-contra-mi\\\/#article\",\"isPartOf\":{\"@id\":\"https:\\\/\\\/chelibertario.com.ar\\\/index.php\\\/2026\\\/09\\\/05\\\/todos-estos-contra-mi\\\/\"},\"author\":{\"name\":\"Jos\u00e9 Antonio Muhando\",\"@id\":\"https:\\\/\\\/chelibertario.com.ar\\\/#\\\/schema\\\/person\\\/0c8ac8b44b3b32f38a4155bf54baff12\"},\"headline\":\"Todos estos contra mi\",\"datePublished\":\"2026-09-05T05:18:34+00:00\",\"dateModified\":\"2026-09-05T06:22:27+00:00\",\"mainEntityOfPage\":{\"@id\":\"https:\\\/\\\/chelibertario.com.ar\\\/index.php\\\/2026\\\/09\\\/05\\\/todos-estos-contra-mi\\\/\"},\"wordCount\":155,\"commentCount\":0,\"publisher\":{\"@id\":\"https:\\\/\\\/chelibertario.com.ar\\\/#organization\"},\"articleSection\":[\"Uncategorized\"],\"inLanguage\":\"es\",\"potentialAction\":[{\"@type\":\"CommentAction\",\"name\":\"Comment\",\"target\":[\"https:\\\/\\\/chelibertario.com.ar\\\/index.php\\\/2026\\\/09\\\/05\\\/todos-estos-contra-mi\\\/#respond\"]}]},{\"@type\":\"WebPage\",\"@id\":\"https:\\\/\\\/chelibertario.com.ar\\\/index.php\\\/2026\\\/09\\\/05\\\/todos-estos-contra-mi\\\/\",\"url\":\"https:\\\/\\\/chelibertario.com.ar\\\/index.php\\\/2026\\\/09\\\/05\\\/todos-estos-contra-mi\\\/\",\"name\":\"Todos estos contra mi - Che Libertario\",\"isPartOf\":{\"@id\":\"https:\\\/\\\/chelibertario.com.ar\\\/#website\"},\"datePublished\":\"2026-09-05T05:18:34+00:00\",\"dateModified\":\"2026-09-05T06:22:27+00:00\",\"description\":\"Militantes de la libertad, desafiliados pol\u00edticos.\",\"breadcrumb\":{\"@id\":\"https:\\\/\\\/chelibertario.com.ar\\\/index.php\\\/2026\\\/09\\\/05\\\/todos-estos-contra-mi\\\/#breadcrumb\"},\"inLanguage\":\"es\",\"potentialAction\":[{\"@type\":\"ReadAction\",\"target\":[\"https:\\\/\\\/chelibertario.com.ar\\\/index.php\\\/2026\\\/09\\\/05\\\/todos-estos-contra-mi\\\/\"]}]},{\"@type\":\"BreadcrumbList\",\"@id\":\"https:\\\/\\\/chelibertario.com.ar\\\/index.php\\\/2026\\\/09\\\/05\\\/todos-estos-contra-mi\\\/#breadcrumb\",\"itemListElement\":[{\"@type\":\"ListItem\",\"position\":1,\"name\":\"Portada\",\"item\":\"https:\\\/\\\/chelibertario.com.ar\\\/\"},{\"@type\":\"ListItem\",\"position\":2,\"name\":\"Todos estos contra mi\"}]},{\"@type\":\"WebSite\",\"@id\":\"https:\\\/\\\/chelibertario.com.ar\\\/#website\",\"url\":\"https:\\\/\\\/chelibertario.com.ar\\\/\",\"name\":\"Che Libertario\",\"description\":\"Militantes de la libertad, desafiliados pol\u00edticos. Comunidad de libres.\",\"publisher\":{\"@id\":\"https:\\\/\\\/chelibertario.com.ar\\\/#organization\"},\"potentialAction\":[{\"@type\":\"SearchAction\",\"target\":{\"@type\":\"EntryPoint\",\"urlTemplate\":\"https:\\\/\\\/chelibertario.com.ar\\\/?s={search_term_string}\"},\"query-input\":{\"@type\":\"PropertyValueSpecification\",\"valueRequired\":true,\"valueName\":\"search_term_string\"}}],\"inLanguage\":\"es\"},{\"@type\":\"Organization\",\"@id\":\"https:\\\/\\\/chelibertario.com.ar\\\/#organization\",\"name\":\"Che Libertario\",\"url\":\"https:\\\/\\\/chelibertario.com.ar\\\/\",\"logo\":{\"@type\":\"ImageObject\",\"inLanguage\":\"es\",\"@id\":\"https:\\\/\\\/chelibertario.com.ar\\\/#\\\/schema\\\/logo\\\/image\\\/\",\"url\":\"https:\\\/\\\/chelibertario.com.ar\\\/wp-content\\\/uploads\\\/2025\\\/11\\\/Che-Libertario-Logotipo-Final-scaled.jpg\",\"contentUrl\":\"https:\\\/\\\/chelibertario.com.ar\\\/wp-content\\\/uploads\\\/2025\\\/11\\\/Che-Libertario-Logotipo-Final-scaled.jpg\",\"width\":2560,\"height\":2560,\"caption\":\"Che Libertario\"},\"image\":{\"@id\":\"https:\\\/\\\/chelibertario.com.ar\\\/#\\\/schema\\\/logo\\\/image\\\/\"},\"sameAs\":[\"https:\\\/\\\/www.facebook.com\\\/CheLibertario\",\"https:\\\/\\\/x.com\\\/MuhandoJose\",\"https:\\\/\\\/www.instagram.com\\\/chelibertario\\\/\"]},{\"@type\":\"Person\",\"@id\":\"https:\\\/\\\/chelibertario.com.ar\\\/#\\\/schema\\\/person\\\/0c8ac8b44b3b32f38a4155bf54baff12\",\"name\":\"Jos\u00e9 Antonio Muhando\",\"pronouns\":\"Che Muhando\",\"image\":{\"@type\":\"ImageObject\",\"inLanguage\":\"es\",\"@id\":\"https:\\\/\\\/secure.gravatar.com\\\/avatar\\\/f83204b5fee976b18416bde7a042166b08876004285ca9706d56c88e7742a614?s=96&d=mm&r=g\",\"url\":\"https:\\\/\\\/secure.gravatar.com\\\/avatar\\\/f83204b5fee976b18416bde7a042166b08876004285ca9706d56c88e7742a614?s=96&d=mm&r=g\",\"contentUrl\":\"https:\\\/\\\/secure.gravatar.com\\\/avatar\\\/f83204b5fee976b18416bde7a042166b08876004285ca9706d56c88e7742a614?s=96&d=mm&r=g\",\"caption\":\"Jos\u00e9 Antonio Muhando\"},\"sameAs\":[\"https:\\\/\\\/chelibertario.com.ar\",\"facebook.com\\\/CheLibertario\",\"https:\\\/\\\/x.com\\\/https:\\\/\\\/x.com\\\/MuhandoJose\"],\"url\":\"https:\\\/\\\/chelibertario.com.ar\\\/index.php\\\/author\\\/jose\\\/\"}]}<\/script>\n<!-- \/ Yoast SEO plugin. -->","yoast_head_json":{"title":"Todos estos contra mi - Che Libertario","description":"Militantes de la libertad, desafiliados pol\u00edticos.","robots":{"index":"index","follow":"follow","max-snippet":"max-snippet:-1","max-image-preview":"max-image-preview:large","max-video-preview":"max-video-preview:-1"},"canonical":"https:\/\/chelibertario.com.ar\/index.php\/2026\/09\/05\/todos-estos-contra-mi\/","og_locale":"es_ES","og_type":"article","og_title":"Todos estos contra mi - Che Libertario","og_description":"Militantes de la libertad, desafiliados pol\u00edticos.","og_url":"https:\/\/chelibertario.com.ar\/index.php\/2026\/09\/05\/todos-estos-contra-mi\/","og_site_name":"Che Libertario","article_publisher":"https:\/\/www.facebook.com\/CheLibertario","article_author":"facebook.com\/CheLibertario","article_published_time":"2026-09-05T05:18:34+00:00","article_modified_time":"2026-09-05T06:22:27+00:00","author":"Jos\u00e9 Antonio Muhando","twitter_card":"summary_large_image","twitter_creator":"@https:\/\/x.com\/MuhandoJose","twitter_site":"@MuhandoJose","twitter_misc":{"Escrito por":"Jos\u00e9 Antonio Muhando","Tiempo de lectura":"1 minuto"},"schema":{"@context":"https:\/\/schema.org","@graph":[{"@type":"Article","@id":"https:\/\/chelibertario.com.ar\/index.php\/2026\/09\/05\/todos-estos-contra-mi\/#article","isPartOf":{"@id":"https:\/\/chelibertario.com.ar\/index.php\/2026\/09\/05\/todos-estos-contra-mi\/"},"author":{"name":"Jos\u00e9 Antonio Muhando","@id":"https:\/\/chelibertario.com.ar\/#\/schema\/person\/0c8ac8b44b3b32f38a4155bf54baff12"},"headline":"Todos estos contra mi","datePublished":"2026-09-05T05:18:34+00:00","dateModified":"2026-09-05T06:22:27+00:00","mainEntityOfPage":{"@id":"https:\/\/chelibertario.com.ar\/index.php\/2026\/09\/05\/todos-estos-contra-mi\/"},"wordCount":155,"commentCount":0,"publisher":{"@id":"https:\/\/chelibertario.com.ar\/#organization"},"articleSection":["Uncategorized"],"inLanguage":"es","potentialAction":[{"@type":"CommentAction","name":"Comment","target":["https:\/\/chelibertario.com.ar\/index.php\/2026\/09\/05\/todos-estos-contra-mi\/#respond"]}]},{"@type":"WebPage","@id":"https:\/\/chelibertario.com.ar\/index.php\/2026\/09\/05\/todos-estos-contra-mi\/","url":"https:\/\/chelibertario.com.ar\/index.php\/2026\/09\/05\/todos-estos-contra-mi\/","name":"Todos estos contra mi - Che Libertario","isPartOf":{"@id":"https:\/\/chelibertario.com.ar\/#website"},"datePublished":"2026-09-05T05:18:34+00:00","dateModified":"2026-09-05T06:22:27+00:00","description":"Militantes de la libertad, desafiliados pol\u00edticos.","breadcrumb":{"@id":"https:\/\/chelibertario.com.ar\/index.php\/2026\/09\/05\/todos-estos-contra-mi\/#breadcrumb"},"inLanguage":"es","potentialAction":[{"@type":"ReadAction","target":["https:\/\/chelibertario.com.ar\/index.php\/2026\/09\/05\/todos-estos-contra-mi\/"]}]},{"@type":"BreadcrumbList","@id":"https:\/\/chelibertario.com.ar\/index.php\/2026\/09\/05\/todos-estos-contra-mi\/#breadcrumb","itemListElement":[{"@type":"ListItem","position":1,"name":"Portada","item":"https:\/\/chelibertario.com.ar\/"},{"@type":"ListItem","position":2,"name":"Todos estos contra mi"}]},{"@type":"WebSite","@id":"https:\/\/chelibertario.com.ar\/#website","url":"https:\/\/chelibertario.com.ar\/","name":"Che Libertario","description":"Militantes de la libertad, desafiliados pol\u00edticos. Comunidad de libres.","publisher":{"@id":"https:\/\/chelibertario.com.ar\/#organization"},"potentialAction":[{"@type":"SearchAction","target":{"@type":"EntryPoint","urlTemplate":"https:\/\/chelibertario.com.ar\/?s={search_term_string}"},"query-input":{"@type":"PropertyValueSpecification","valueRequired":true,"valueName":"search_term_string"}}],"inLanguage":"es"},{"@type":"Organization","@id":"https:\/\/chelibertario.com.ar\/#organization","name":"Che Libertario","url":"https:\/\/chelibertario.com.ar\/","logo":{"@type":"ImageObject","inLanguage":"es","@id":"https:\/\/chelibertario.com.ar\/#\/schema\/logo\/image\/","url":"https:\/\/chelibertario.com.ar\/wp-content\/uploads\/2025\/11\/Che-Libertario-Logotipo-Final-scaled.jpg","contentUrl":"https:\/\/chelibertario.com.ar\/wp-content\/uploads\/2025\/11\/Che-Libertario-Logotipo-Final-scaled.jpg","width":2560,"height":2560,"caption":"Che Libertario"},"image":{"@id":"https:\/\/chelibertario.com.ar\/#\/schema\/logo\/image\/"},"sameAs":["https:\/\/www.facebook.com\/CheLibertario","https:\/\/x.com\/MuhandoJose","https:\/\/www.instagram.com\/chelibertario\/"]},{"@type":"Person","@id":"https:\/\/chelibertario.com.ar\/#\/schema\/person\/0c8ac8b44b3b32f38a4155bf54baff12","name":"Jos\u00e9 Antonio Muhando","pronouns":"Che Muhando","image":{"@type":"ImageObject","inLanguage":"es","@id":"https:\/\/secure.gravatar.com\/avatar\/f83204b5fee976b18416bde7a042166b08876004285ca9706d56c88e7742a614?s=96&d=mm&r=g","url":"https:\/\/secure.gravatar.com\/avatar\/f83204b5fee976b18416bde7a042166b08876004285ca9706d56c88e7742a614?s=96&d=mm&r=g","contentUrl":"https:\/\/secure.gravatar.com\/avatar\/f83204b5fee976b18416bde7a042166b08876004285ca9706d56c88e7742a614?s=96&d=mm&r=g","caption":"Jos\u00e9 Antonio Muhando"},"sameAs":["https:\/\/chelibertario.com.ar","facebook.com\/CheLibertario","https:\/\/x.com\/https:\/\/x.com\/MuhandoJose"],"url":"https:\/\/chelibertario.com.ar\/index.php\/author\/jose\/"}]}},"_links":{"self":[{"href":"https:\/\/chelibertario.com.ar\/index.php\/wp-json\/wp\/v2\/posts\/10347","targetHints":{"allow":["GET"]}}],"collection":[{"href":"https:\/\/chelibertario.com.ar\/index.php\/wp-json\/wp\/v2\/posts"}],"about":[{"href":"https:\/\/chelibertario.com.ar\/index.php\/wp-json\/wp\/v2\/types\/post"}],"author":[{"embeddable":true,"href":"https:\/\/chelibertario.com.ar\/index.php\/wp-json\/wp\/v2\/users\/1"}],"replies":[{"embeddable":true,"href":"https:\/\/chelibertario.com.ar\/index.php\/wp-json\/wp\/v2\/comments?post=10347"}],"version-history":[{"count":3,"href":"https:\/\/chelibertario.com.ar\/index.php\/wp-json\/wp\/v2\/posts\/10347\/revisions"}],"predecessor-version":[{"id":10356,"href":"https:\/\/chelibertario.com.ar\/index.php\/wp-json\/wp\/v2\/posts\/10347\/revisions\/10356"}],"wp:attachment":[{"href":"https:\/\/chelibertario.com.ar\/index.php\/wp-json\/wp\/v2\/media?parent=10347"}],"wp:term":[{"taxonomy":"category","embeddable":true,"href":"https:\/\/chelibertario.com.ar\/index.php\/wp-json\/wp\/v2\/categories?post=10347"},{"taxonomy":"post_tag","embeddable":true,"href":"https:\/\/chelibertario.com.ar\/index.php\/wp-json\/wp\/v2\/tags?post=10347"}],"curies":[{"name":"wp","href":"https:\/\/api.w.org\/{rel}","templated":true}]}}