{"id":76,"date":"2025-05-16T23:06:11","date_gmt":"2025-05-16T23:06:11","guid":{"rendered":"https:\/\/chelibertario.com.ar\/?p=76"},"modified":"2025-08-12T01:39:51","modified_gmt":"2025-08-12T01:39:51","slug":"la-llegada-de-los-leones","status":"publish","type":"post","link":"https:\/\/chelibertario.com.ar\/index.php\/2025\/05\/16\/la-llegada-de-los-leones\/","title":{"rendered":"La llegada de los leones"},"content":{"rendered":"\n<figure class=\"wp-block-image size-large\"><img loading=\"lazy\" decoding=\"async\" width=\"1024\" height=\"896\" src=\"https:\/\/chelibertario.com.ar\/wp-content\/uploads\/2025\/05\/image-10-1024x896.png\" alt=\"\" class=\"wp-image-77\" srcset=\"https:\/\/chelibertario.com.ar\/wp-content\/uploads\/2025\/05\/image-10-1024x896.png 1024w, https:\/\/chelibertario.com.ar\/wp-content\/uploads\/2025\/05\/image-10-300x263.png 300w, https:\/\/chelibertario.com.ar\/wp-content\/uploads\/2025\/05\/image-10-768x672.png 768w, https:\/\/chelibertario.com.ar\/wp-content\/uploads\/2025\/05\/image-10.png 1200w\" sizes=\"auto, (max-width: 1024px) 100vw, 1024px\" \/><\/figure>\n\n\n\n<p class=\"is-style-text-subtitle is-style-text-subtitle--1 wp-block-paragraph\">A menudo los ganadores no son los mejores.<\/p>\n\n\n\n<p class=\"wp-block-paragraph\">Un texto para nietzscheanos. La movida libertaria argentina, de la cual soy parte, en mis comienzos de militancia por la libertad de manera que podr\u00eda llamar org\u00e1nica o algo parecido; cuando Espert se subi\u00f3 al ring de la escena p\u00fablica a dar pelea e hicimos lo que pudimos, instalamos esa idea liberadora en la Comunidad; despu\u00e9s vino lo dem\u00e1s.<\/p>\n\n\n\n<p class=\"wp-block-paragraph\">Al principio cre\u00ed ser parte de esa comunidad de hombres y mujeres libres, por lo tanto, romp\u00ed con mi soledad y fui al encuentro de los otros, supuestamente <em>del mismo palo<\/em>. Hall\u00e9 decepci\u00f3n, compart\u00ed la militancia y el trabajo de aquellos que hicimos posible la creaci\u00f3n de un espacio pol\u00edtico libertario en Santa Fe; hasta aqu\u00ed la historia rom\u00e1ntica, id\u00edlica, de un supuesto nuevo comienzo que termino antes de comenzar en un fiasco, m\u00e1s de lo mismo.<\/p>\n\n\n\n<p class=\"wp-block-paragraph\">El presente no muestra esa ruptura con el Sistema, la lucha que pegue fuerte y arrase los valores hegem\u00f3nicos de nuestra sociedad; al contrario, el conservadurismo de la derecha cierra filas en aquellos prejuicios y creencias que han hecho de nuestro pueblo un reba\u00f1o d\u00f3cil y sumiso a las instancias de poder. En este sentido, por m\u00e1s que rujamos como leones, tenemos tantos <em>colgados de Milei<\/em> y falsos libertarios, que vamos camino a parecernos demasiado a los <em>progres<\/em> y la izquierda <em>de la sarasa<\/em>; no hay revoluci\u00f3n libertaria.<\/p>\n\n\n\n<p class=\"wp-block-paragraph\">Dir\u00eda que muchos siguen siendo esos camellos que cargan con el resentimiento de los que imaginariamente dan batallas, porque nunca se animaron a confrontar lo real; reaccionarios que no tienen el valor de asumir el destino de hero\u00edsmo ciudadano por una Argentina mejor, faro del mundo para las naciones libres de verdad.<\/p>\n\n\n\n<p class=\"wp-block-paragraph\">El esfuerzo v\u00e1lido, exitoso y valiente de este gobierno nacional, es en el plano t\u00e9cnicamente econ\u00f3mico; no alcanza para transformarlo todo, por cuanto los cultores y seguidores de esta l\u00f3gica de mercado, se enfilan detr\u00e1s de una sola valoraci\u00f3n de la existencia; que apunta a la utilidad, resultados, ganancias, dinero\u2026; nada nuevo. \u00bfAcaso pensamos que la corrupci\u00f3n sist\u00e9mica estatal-privada que nos precede y todav\u00eda vigente, responde a otra l\u00f3gica?<\/p>\n\n\n\n<p class=\"wp-block-paragraph\">Los leones tienen que realmente llegar, no ha sucedido a\u00fan, se anuncian; son necesarios, para una vez superados, dar el paso a la creaci\u00f3n de una nueva Argentina; donde la fuerza creadora de los argentinos se d\u00e9 su propio gobierno, no de la forma que estamos viendo, desorientados dejan a un Amo y se van a los brazos de Otro, esperando de cada gesti\u00f3n y administraci\u00f3n lo que est\u00e1 en sus manos ser.<\/p>\n\n\n\n<p class=\"wp-block-paragraph\"><\/p>\n","protected":false},"excerpt":{"rendered":"<p>A menudo los ganadores no son los mejores. Un texto para nietzscheanos. La movida libertaria argentina, de la cual soy parte, en mis comienzos de militancia por la libertad de manera que podr\u00eda llamar org\u00e1nica o algo parecido; cuando Espert se subi\u00f3 al ring de la escena p\u00fablica a dar pelea e hicimos lo que [&hellip;]<\/p>\n","protected":false},"author":1,"featured_media":0,"comment_status":"open","ping_status":"open","sticky":false,"template":"","format":"standard","meta":{"footnotes":""},"categories":[1],"tags":[],"class_list":["post-76","post","type-post","status-publish","format-standard","hentry","category-uncategorized"],"yoast_head":"<!-- This site is optimized with the Yoast SEO plugin v28.3 - https:\/\/yoast.com\/product\/yoast-seo-wordpress\/ -->\n<title>La llegada de los leones - Che Libertario<\/title>\n<meta name=\"description\" content=\"Militantes de la libertad, desafiliados pol\u00edticos.\" \/>\n<meta name=\"robots\" content=\"index, follow, max-snippet:-1, max-image-preview:large, max-video-preview:-1\" \/>\n<link rel=\"canonical\" href=\"https:\/\/chelibertario.com.ar\/index.php\/2025\/05\/16\/la-llegada-de-los-leones\/\" \/>\n<meta property=\"og:locale\" content=\"es_ES\" \/>\n<meta property=\"og:type\" content=\"article\" \/>\n<meta property=\"og:title\" content=\"La llegada de los leones - Che Libertario\" \/>\n<meta property=\"og:description\" content=\"Militantes de la libertad, desafiliados pol\u00edticos.\" \/>\n<meta property=\"og:url\" content=\"https:\/\/chelibertario.com.ar\/index.php\/2025\/05\/16\/la-llegada-de-los-leones\/\" \/>\n<meta property=\"og:site_name\" content=\"Che Libertario\" \/>\n<meta property=\"article:publisher\" content=\"https:\/\/www.facebook.com\/CheLibertario\" \/>\n<meta property=\"article:author\" content=\"facebook.com\/CheLibertario\" \/>\n<meta property=\"article:published_time\" content=\"2025-05-16T23:06:11+00:00\" \/>\n<meta property=\"article:modified_time\" content=\"2025-08-12T01:39:51+00:00\" \/>\n<meta property=\"og:image\" content=\"https:\/\/chelibertario.com.ar\/wp-content\/uploads\/2025\/05\/image-10-1024x896.png\" \/>\n<meta name=\"author\" content=\"Jos\u00e9 Antonio Muhando\" \/>\n<meta name=\"twitter:card\" content=\"summary_large_image\" \/>\n<meta name=\"twitter:creator\" content=\"@https:\/\/x.com\/MuhandoJose\" \/>\n<meta name=\"twitter:site\" content=\"@MuhandoJose\" \/>\n<meta name=\"twitter:label1\" content=\"Escrito por\" \/>\n\t<meta name=\"twitter:data1\" content=\"Jos\u00e9 Antonio Muhando\" \/>\n\t<meta name=\"twitter:label2\" content=\"Tiempo de lectura\" \/>\n\t<meta name=\"twitter:data2\" content=\"2 minutos\" \/>\n<script type=\"application\/ld+json\" class=\"yoast-schema-graph\">{\"@context\":\"https:\\\/\\\/schema.org\",\"@graph\":[{\"@type\":\"Article\",\"@id\":\"https:\\\/\\\/chelibertario.com.ar\\\/index.php\\\/2025\\\/05\\\/16\\\/la-llegada-de-los-leones\\\/#article\",\"isPartOf\":{\"@id\":\"https:\\\/\\\/chelibertario.com.ar\\\/index.php\\\/2025\\\/05\\\/16\\\/la-llegada-de-los-leones\\\/\"},\"author\":{\"name\":\"Jos\u00e9 Antonio Muhando\",\"@id\":\"https:\\\/\\\/chelibertario.com.ar\\\/#\\\/schema\\\/person\\\/0c8ac8b44b3b32f38a4155bf54baff12\"},\"headline\":\"La llegada de los leones\",\"datePublished\":\"2025-05-16T23:06:11+00:00\",\"dateModified\":\"2025-08-12T01:39:51+00:00\",\"mainEntityOfPage\":{\"@id\":\"https:\\\/\\\/chelibertario.com.ar\\\/index.php\\\/2025\\\/05\\\/16\\\/la-llegada-de-los-leones\\\/\"},\"wordCount\":463,\"commentCount\":0,\"publisher\":{\"@id\":\"https:\\\/\\\/chelibertario.com.ar\\\/#organization\"},\"image\":{\"@id\":\"https:\\\/\\\/chelibertario.com.ar\\\/index.php\\\/2025\\\/05\\\/16\\\/la-llegada-de-los-leones\\\/#primaryimage\"},\"thumbnailUrl\":\"https:\\\/\\\/chelibertario.com.ar\\\/wp-content\\\/uploads\\\/2025\\\/05\\\/image-10-1024x896.png\",\"articleSection\":[\"Uncategorized\"],\"inLanguage\":\"es\",\"potentialAction\":[{\"@type\":\"CommentAction\",\"name\":\"Comment\",\"target\":[\"https:\\\/\\\/chelibertario.com.ar\\\/index.php\\\/2025\\\/05\\\/16\\\/la-llegada-de-los-leones\\\/#respond\"]}]},{\"@type\":\"WebPage\",\"@id\":\"https:\\\/\\\/chelibertario.com.ar\\\/index.php\\\/2025\\\/05\\\/16\\\/la-llegada-de-los-leones\\\/\",\"url\":\"https:\\\/\\\/chelibertario.com.ar\\\/index.php\\\/2025\\\/05\\\/16\\\/la-llegada-de-los-leones\\\/\",\"name\":\"La llegada de los leones - Che Libertario\",\"isPartOf\":{\"@id\":\"https:\\\/\\\/chelibertario.com.ar\\\/#website\"},\"primaryImageOfPage\":{\"@id\":\"https:\\\/\\\/chelibertario.com.ar\\\/index.php\\\/2025\\\/05\\\/16\\\/la-llegada-de-los-leones\\\/#primaryimage\"},\"image\":{\"@id\":\"https:\\\/\\\/chelibertario.com.ar\\\/index.php\\\/2025\\\/05\\\/16\\\/la-llegada-de-los-leones\\\/#primaryimage\"},\"thumbnailUrl\":\"https:\\\/\\\/chelibertario.com.ar\\\/wp-content\\\/uploads\\\/2025\\\/05\\\/image-10-1024x896.png\",\"datePublished\":\"2025-05-16T23:06:11+00:00\",\"dateModified\":\"2025-08-12T01:39:51+00:00\",\"description\":\"Militantes de la libertad, desafiliados pol\u00edticos.\",\"breadcrumb\":{\"@id\":\"https:\\\/\\\/chelibertario.com.ar\\\/index.php\\\/2025\\\/05\\\/16\\\/la-llegada-de-los-leones\\\/#breadcrumb\"},\"inLanguage\":\"es\",\"potentialAction\":[{\"@type\":\"ReadAction\",\"target\":[\"https:\\\/\\\/chelibertario.com.ar\\\/index.php\\\/2025\\\/05\\\/16\\\/la-llegada-de-los-leones\\\/\"]}]},{\"@type\":\"ImageObject\",\"inLanguage\":\"es\",\"@id\":\"https:\\\/\\\/chelibertario.com.ar\\\/index.php\\\/2025\\\/05\\\/16\\\/la-llegada-de-los-leones\\\/#primaryimage\",\"url\":\"https:\\\/\\\/chelibertario.com.ar\\\/wp-content\\\/uploads\\\/2025\\\/05\\\/image-10.png\",\"contentUrl\":\"https:\\\/\\\/chelibertario.com.ar\\\/wp-content\\\/uploads\\\/2025\\\/05\\\/image-10.png\",\"width\":1200,\"height\":1050},{\"@type\":\"BreadcrumbList\",\"@id\":\"https:\\\/\\\/chelibertario.com.ar\\\/index.php\\\/2025\\\/05\\\/16\\\/la-llegada-de-los-leones\\\/#breadcrumb\",\"itemListElement\":[{\"@type\":\"ListItem\",\"position\":1,\"name\":\"Portada\",\"item\":\"https:\\\/\\\/chelibertario.com.ar\\\/\"},{\"@type\":\"ListItem\",\"position\":2,\"name\":\"La llegada de los leones\"}]},{\"@type\":\"WebSite\",\"@id\":\"https:\\\/\\\/chelibertario.com.ar\\\/#website\",\"url\":\"https:\\\/\\\/chelibertario.com.ar\\\/\",\"name\":\"Che Libertario\",\"description\":\"Militantes de la libertad, desafiliados pol\u00edticos. Comunidad de libres.\",\"publisher\":{\"@id\":\"https:\\\/\\\/chelibertario.com.ar\\\/#organization\"},\"potentialAction\":[{\"@type\":\"SearchAction\",\"target\":{\"@type\":\"EntryPoint\",\"urlTemplate\":\"https:\\\/\\\/chelibertario.com.ar\\\/?s={search_term_string}\"},\"query-input\":{\"@type\":\"PropertyValueSpecification\",\"valueRequired\":true,\"valueName\":\"search_term_string\"}}],\"inLanguage\":\"es\"},{\"@type\":\"Organization\",\"@id\":\"https:\\\/\\\/chelibertario.com.ar\\\/#organization\",\"name\":\"Che Libertario\",\"url\":\"https:\\\/\\\/chelibertario.com.ar\\\/\",\"logo\":{\"@type\":\"ImageObject\",\"inLanguage\":\"es\",\"@id\":\"https:\\\/\\\/chelibertario.com.ar\\\/#\\\/schema\\\/logo\\\/image\\\/\",\"url\":\"https:\\\/\\\/chelibertario.com.ar\\\/wp-content\\\/uploads\\\/2025\\\/11\\\/Che-Libertario-Logotipo-Final-scaled.jpg\",\"contentUrl\":\"https:\\\/\\\/chelibertario.com.ar\\\/wp-content\\\/uploads\\\/2025\\\/11\\\/Che-Libertario-Logotipo-Final-scaled.jpg\",\"width\":2560,\"height\":2560,\"caption\":\"Che Libertario\"},\"image\":{\"@id\":\"https:\\\/\\\/chelibertario.com.ar\\\/#\\\/schema\\\/logo\\\/image\\\/\"},\"sameAs\":[\"https:\\\/\\\/www.facebook.com\\\/CheLibertario\",\"https:\\\/\\\/x.com\\\/MuhandoJose\",\"https:\\\/\\\/www.instagram.com\\\/chelibertario\\\/\"]},{\"@type\":\"Person\",\"@id\":\"https:\\\/\\\/chelibertario.com.ar\\\/#\\\/schema\\\/person\\\/0c8ac8b44b3b32f38a4155bf54baff12\",\"name\":\"Jos\u00e9 Antonio Muhando\",\"pronouns\":\"Che Muhando\",\"image\":{\"@type\":\"ImageObject\",\"inLanguage\":\"es\",\"@id\":\"https:\\\/\\\/secure.gravatar.com\\\/avatar\\\/f83204b5fee976b18416bde7a042166b08876004285ca9706d56c88e7742a614?s=96&d=mm&r=g\",\"url\":\"https:\\\/\\\/secure.gravatar.com\\\/avatar\\\/f83204b5fee976b18416bde7a042166b08876004285ca9706d56c88e7742a614?s=96&d=mm&r=g\",\"contentUrl\":\"https:\\\/\\\/secure.gravatar.com\\\/avatar\\\/f83204b5fee976b18416bde7a042166b08876004285ca9706d56c88e7742a614?s=96&d=mm&r=g\",\"caption\":\"Jos\u00e9 Antonio Muhando\"},\"sameAs\":[\"https:\\\/\\\/chelibertario.com.ar\",\"facebook.com\\\/CheLibertario\",\"https:\\\/\\\/x.com\\\/https:\\\/\\\/x.com\\\/MuhandoJose\"],\"url\":\"https:\\\/\\\/chelibertario.com.ar\\\/index.php\\\/author\\\/jose\\\/\"}]}<\/script>\n<!-- \/ Yoast SEO plugin. -->","yoast_head_json":{"title":"La llegada de los leones - Che Libertario","description":"Militantes de la libertad, desafiliados pol\u00edticos.","robots":{"index":"index","follow":"follow","max-snippet":"max-snippet:-1","max-image-preview":"max-image-preview:large","max-video-preview":"max-video-preview:-1"},"canonical":"https:\/\/chelibertario.com.ar\/index.php\/2025\/05\/16\/la-llegada-de-los-leones\/","og_locale":"es_ES","og_type":"article","og_title":"La llegada de los leones - Che Libertario","og_description":"Militantes de la libertad, desafiliados pol\u00edticos.","og_url":"https:\/\/chelibertario.com.ar\/index.php\/2025\/05\/16\/la-llegada-de-los-leones\/","og_site_name":"Che Libertario","article_publisher":"https:\/\/www.facebook.com\/CheLibertario","article_author":"facebook.com\/CheLibertario","article_published_time":"2025-05-16T23:06:11+00:00","article_modified_time":"2025-08-12T01:39:51+00:00","og_image":[{"url":"https:\/\/chelibertario.com.ar\/wp-content\/uploads\/2025\/05\/image-10-1024x896.png","type":"","width":"","height":""}],"author":"Jos\u00e9 Antonio Muhando","twitter_card":"summary_large_image","twitter_creator":"@https:\/\/x.com\/MuhandoJose","twitter_site":"@MuhandoJose","twitter_misc":{"Escrito por":"Jos\u00e9 Antonio Muhando","Tiempo de lectura":"2 minutos"},"schema":{"@context":"https:\/\/schema.org","@graph":[{"@type":"Article","@id":"https:\/\/chelibertario.com.ar\/index.php\/2025\/05\/16\/la-llegada-de-los-leones\/#article","isPartOf":{"@id":"https:\/\/chelibertario.com.ar\/index.php\/2025\/05\/16\/la-llegada-de-los-leones\/"},"author":{"name":"Jos\u00e9 Antonio Muhando","@id":"https:\/\/chelibertario.com.ar\/#\/schema\/person\/0c8ac8b44b3b32f38a4155bf54baff12"},"headline":"La llegada de los leones","datePublished":"2025-05-16T23:06:11+00:00","dateModified":"2025-08-12T01:39:51+00:00","mainEntityOfPage":{"@id":"https:\/\/chelibertario.com.ar\/index.php\/2025\/05\/16\/la-llegada-de-los-leones\/"},"wordCount":463,"commentCount":0,"publisher":{"@id":"https:\/\/chelibertario.com.ar\/#organization"},"image":{"@id":"https:\/\/chelibertario.com.ar\/index.php\/2025\/05\/16\/la-llegada-de-los-leones\/#primaryimage"},"thumbnailUrl":"https:\/\/chelibertario.com.ar\/wp-content\/uploads\/2025\/05\/image-10-1024x896.png","articleSection":["Uncategorized"],"inLanguage":"es","potentialAction":[{"@type":"CommentAction","name":"Comment","target":["https:\/\/chelibertario.com.ar\/index.php\/2025\/05\/16\/la-llegada-de-los-leones\/#respond"]}]},{"@type":"WebPage","@id":"https:\/\/chelibertario.com.ar\/index.php\/2025\/05\/16\/la-llegada-de-los-leones\/","url":"https:\/\/chelibertario.com.ar\/index.php\/2025\/05\/16\/la-llegada-de-los-leones\/","name":"La llegada de los leones - Che Libertario","isPartOf":{"@id":"https:\/\/chelibertario.com.ar\/#website"},"primaryImageOfPage":{"@id":"https:\/\/chelibertario.com.ar\/index.php\/2025\/05\/16\/la-llegada-de-los-leones\/#primaryimage"},"image":{"@id":"https:\/\/chelibertario.com.ar\/index.php\/2025\/05\/16\/la-llegada-de-los-leones\/#primaryimage"},"thumbnailUrl":"https:\/\/chelibertario.com.ar\/wp-content\/uploads\/2025\/05\/image-10-1024x896.png","datePublished":"2025-05-16T23:06:11+00:00","dateModified":"2025-08-12T01:39:51+00:00","description":"Militantes de la libertad, desafiliados pol\u00edticos.","breadcrumb":{"@id":"https:\/\/chelibertario.com.ar\/index.php\/2025\/05\/16\/la-llegada-de-los-leones\/#breadcrumb"},"inLanguage":"es","potentialAction":[{"@type":"ReadAction","target":["https:\/\/chelibertario.com.ar\/index.php\/2025\/05\/16\/la-llegada-de-los-leones\/"]}]},{"@type":"ImageObject","inLanguage":"es","@id":"https:\/\/chelibertario.com.ar\/index.php\/2025\/05\/16\/la-llegada-de-los-leones\/#primaryimage","url":"https:\/\/chelibertario.com.ar\/wp-content\/uploads\/2025\/05\/image-10.png","contentUrl":"https:\/\/chelibertario.com.ar\/wp-content\/uploads\/2025\/05\/image-10.png","width":1200,"height":1050},{"@type":"BreadcrumbList","@id":"https:\/\/chelibertario.com.ar\/index.php\/2025\/05\/16\/la-llegada-de-los-leones\/#breadcrumb","itemListElement":[{"@type":"ListItem","position":1,"name":"Portada","item":"https:\/\/chelibertario.com.ar\/"},{"@type":"ListItem","position":2,"name":"La llegada de los leones"}]},{"@type":"WebSite","@id":"https:\/\/chelibertario.com.ar\/#website","url":"https:\/\/chelibertario.com.ar\/","name":"Che Libertario","description":"Militantes de la libertad, desafiliados pol\u00edticos. Comunidad de libres.","publisher":{"@id":"https:\/\/chelibertario.com.ar\/#organization"},"potentialAction":[{"@type":"SearchAction","target":{"@type":"EntryPoint","urlTemplate":"https:\/\/chelibertario.com.ar\/?s={search_term_string}"},"query-input":{"@type":"PropertyValueSpecification","valueRequired":true,"valueName":"search_term_string"}}],"inLanguage":"es"},{"@type":"Organization","@id":"https:\/\/chelibertario.com.ar\/#organization","name":"Che Libertario","url":"https:\/\/chelibertario.com.ar\/","logo":{"@type":"ImageObject","inLanguage":"es","@id":"https:\/\/chelibertario.com.ar\/#\/schema\/logo\/image\/","url":"https:\/\/chelibertario.com.ar\/wp-content\/uploads\/2025\/11\/Che-Libertario-Logotipo-Final-scaled.jpg","contentUrl":"https:\/\/chelibertario.com.ar\/wp-content\/uploads\/2025\/11\/Che-Libertario-Logotipo-Final-scaled.jpg","width":2560,"height":2560,"caption":"Che Libertario"},"image":{"@id":"https:\/\/chelibertario.com.ar\/#\/schema\/logo\/image\/"},"sameAs":["https:\/\/www.facebook.com\/CheLibertario","https:\/\/x.com\/MuhandoJose","https:\/\/www.instagram.com\/chelibertario\/"]},{"@type":"Person","@id":"https:\/\/chelibertario.com.ar\/#\/schema\/person\/0c8ac8b44b3b32f38a4155bf54baff12","name":"Jos\u00e9 Antonio Muhando","pronouns":"Che Muhando","image":{"@type":"ImageObject","inLanguage":"es","@id":"https:\/\/secure.gravatar.com\/avatar\/f83204b5fee976b18416bde7a042166b08876004285ca9706d56c88e7742a614?s=96&d=mm&r=g","url":"https:\/\/secure.gravatar.com\/avatar\/f83204b5fee976b18416bde7a042166b08876004285ca9706d56c88e7742a614?s=96&d=mm&r=g","contentUrl":"https:\/\/secure.gravatar.com\/avatar\/f83204b5fee976b18416bde7a042166b08876004285ca9706d56c88e7742a614?s=96&d=mm&r=g","caption":"Jos\u00e9 Antonio Muhando"},"sameAs":["https:\/\/chelibertario.com.ar","facebook.com\/CheLibertario","https:\/\/x.com\/https:\/\/x.com\/MuhandoJose"],"url":"https:\/\/chelibertario.com.ar\/index.php\/author\/jose\/"}]}},"_links":{"self":[{"href":"https:\/\/chelibertario.com.ar\/index.php\/wp-json\/wp\/v2\/posts\/76","targetHints":{"allow":["GET"]}}],"collection":[{"href":"https:\/\/chelibertario.com.ar\/index.php\/wp-json\/wp\/v2\/posts"}],"about":[{"href":"https:\/\/chelibertario.com.ar\/index.php\/wp-json\/wp\/v2\/types\/post"}],"author":[{"embeddable":true,"href":"https:\/\/chelibertario.com.ar\/index.php\/wp-json\/wp\/v2\/users\/1"}],"replies":[{"embeddable":true,"href":"https:\/\/chelibertario.com.ar\/index.php\/wp-json\/wp\/v2\/comments?post=76"}],"version-history":[{"count":13,"href":"https:\/\/chelibertario.com.ar\/index.php\/wp-json\/wp\/v2\/posts\/76\/revisions"}],"predecessor-version":[{"id":1886,"href":"https:\/\/chelibertario.com.ar\/index.php\/wp-json\/wp\/v2\/posts\/76\/revisions\/1886"}],"wp:attachment":[{"href":"https:\/\/chelibertario.com.ar\/index.php\/wp-json\/wp\/v2\/media?parent=76"}],"wp:term":[{"taxonomy":"category","embeddable":true,"href":"https:\/\/chelibertario.com.ar\/index.php\/wp-json\/wp\/v2\/categories?post=76"},{"taxonomy":"post_tag","embeddable":true,"href":"https:\/\/chelibertario.com.ar\/index.php\/wp-json\/wp\/v2\/tags?post=76"}],"curies":[{"name":"wp","href":"https:\/\/api.w.org\/{rel}","templated":true}]}}