{"id":8868,"date":"2026-06-16T05:09:17","date_gmt":"2026-06-16T05:09:17","guid":{"rendered":"https:\/\/chelibertario.com.ar\/?p=8868"},"modified":"2026-06-16T21:11:12","modified_gmt":"2026-06-16T21:11:12","slug":"mein-kampf","status":"publish","type":"post","link":"https:\/\/chelibertario.com.ar\/index.php\/2026\/06\/16\/mein-kampf\/","title":{"rendered":"Mein Kampf"},"content":{"rendered":"\n<figure class=\"wp-block-image size-large\"><img loading=\"lazy\" decoding=\"async\" width=\"770\" height=\"1024\" src=\"https:\/\/chelibertario.com.ar\/wp-content\/uploads\/2026\/06\/5129-770x1024.jpg\" alt=\"\" class=\"wp-image-8883\" srcset=\"https:\/\/chelibertario.com.ar\/wp-content\/uploads\/2026\/06\/5129-770x1024.jpg 770w, https:\/\/chelibertario.com.ar\/wp-content\/uploads\/2026\/06\/5129-225x300.jpg 225w, https:\/\/chelibertario.com.ar\/wp-content\/uploads\/2026\/06\/5129-768x1022.jpg 768w, https:\/\/chelibertario.com.ar\/wp-content\/uploads\/2026\/06\/5129-1154x1536.jpg 1154w, https:\/\/chelibertario.com.ar\/wp-content\/uploads\/2026\/06\/5129-1539x2048.jpg 1539w, https:\/\/chelibertario.com.ar\/wp-content\/uploads\/2026\/06\/5129.jpg 1833w\" sizes=\"auto, (max-width: 770px) 100vw, 770px\" \/><\/figure>\n\n\n\n<p class=\"wp-block-paragraph\">La cultura de los que humillan, destratan a otros, se materializa en situaciones o contextos de asimetr\u00eda, como soldados israelitas con armas largas frente a ni\u00f1os indefensos, entre ganadores y perdedores. <\/p>\n\n\n\n<p class=\"wp-block-paragraph\">El abuso genera odio, resentimiento, trae siempre consecuencias; en este presente argentino de violencia pol\u00edtica, las cosas no quedar\u00e1n en palabras o insultos, dar\u00e1n un giro hacia lo peor, cuesti\u00f3n de tiempo. <\/p>\n\n\n\n<p class=\"wp-block-paragraph\">No podemos naturalizar el horror, algo debemos hacer, bajarlos antes que crezcan, eliminar al psic\u00f3pata.<\/p>\n","protected":false},"excerpt":{"rendered":"<p>La cultura de los que humillan, destratan a otros, se materializa en situaciones o contextos de asimetr\u00eda, como soldados israelitas con armas largas frente a ni\u00f1os indefensos, entre ganadores y perdedores. El abuso genera odio, resentimiento, trae siempre consecuencias; en este presente argentino de violencia pol\u00edtica, las cosas no quedar\u00e1n en palabras o insultos, dar\u00e1n [&hellip;]<\/p>\n","protected":false},"author":1,"featured_media":0,"comment_status":"open","ping_status":"closed","sticky":false,"template":"","format":"standard","meta":{"footnotes":""},"categories":[1],"tags":[],"class_list":["post-8868","post","type-post","status-publish","format-standard","hentry","category-uncategorized"],"yoast_head":"<!-- This site is optimized with the Yoast SEO plugin v28.4 - https:\/\/yoast.com\/product\/yoast-seo-wordpress\/ -->\n<title>Mein Kampf - Che Libertario<\/title>\n<meta name=\"description\" content=\"Militantes de la libertad, desafiliados pol\u00edticos. La cultura de los que humillan, destratan a otros, se materializa en situaciones o contextos de asimetr\u00eda.\" \/>\n<meta name=\"robots\" content=\"index, follow, max-snippet:-1, max-image-preview:large, max-video-preview:-1\" \/>\n<link rel=\"canonical\" href=\"https:\/\/chelibertario.com.ar\/index.php\/2026\/06\/16\/mein-kampf\/\" \/>\n<meta property=\"og:locale\" content=\"es_ES\" \/>\n<meta property=\"og:type\" content=\"article\" \/>\n<meta property=\"og:title\" content=\"Mein Kampf - Che Libertario\" \/>\n<meta property=\"og:description\" content=\"Militantes de la libertad, desafiliados pol\u00edticos. La cultura de los que humillan, destratan a otros, se materializa en situaciones o contextos de asimetr\u00eda.\" \/>\n<meta property=\"og:url\" content=\"https:\/\/chelibertario.com.ar\/index.php\/2026\/06\/16\/mein-kampf\/\" \/>\n<meta property=\"og:site_name\" content=\"Che Libertario\" \/>\n<meta property=\"article:publisher\" content=\"https:\/\/www.facebook.com\/CheLibertario\" \/>\n<meta property=\"article:author\" content=\"facebook.com\/CheLibertario\" \/>\n<meta property=\"article:published_time\" content=\"2026-06-16T05:09:17+00:00\" \/>\n<meta property=\"article:modified_time\" content=\"2026-06-16T21:11:12+00:00\" \/>\n<meta property=\"og:image\" content=\"https:\/\/chelibertario.com.ar\/wp-content\/uploads\/2026\/06\/5129-770x1024.jpg\" \/>\n\t<meta property=\"og:image:width\" content=\"770\" \/>\n\t<meta property=\"og:image:height\" content=\"1024\" \/>\n\t<meta property=\"og:image:type\" content=\"image\/jpeg\" \/>\n<meta name=\"author\" content=\"Jos\u00e9 Antonio Muhando\" \/>\n<meta name=\"twitter:card\" content=\"summary_large_image\" \/>\n<meta name=\"twitter:creator\" content=\"@https:\/\/x.com\/MuhandoJose\" \/>\n<meta name=\"twitter:site\" content=\"@MuhandoJose\" \/>\n<meta name=\"twitter:label1\" content=\"Escrito por\" \/>\n\t<meta name=\"twitter:data1\" content=\"Jos\u00e9 Antonio Muhando\" \/>\n\t<meta name=\"twitter:label2\" content=\"Tiempo de lectura\" \/>\n\t<meta name=\"twitter:data2\" content=\"1 minuto\" \/>\n<script type=\"application\/ld+json\" class=\"yoast-schema-graph\">{\"@context\":\"https:\\\/\\\/schema.org\",\"@graph\":[{\"@type\":\"Article\",\"@id\":\"https:\\\/\\\/chelibertario.com.ar\\\/index.php\\\/2026\\\/06\\\/16\\\/mein-kampf\\\/#article\",\"isPartOf\":{\"@id\":\"https:\\\/\\\/chelibertario.com.ar\\\/index.php\\\/2026\\\/06\\\/16\\\/mein-kampf\\\/\"},\"author\":{\"name\":\"Jos\u00e9 Antonio Muhando\",\"@id\":\"https:\\\/\\\/chelibertario.com.ar\\\/#\\\/schema\\\/person\\\/0c8ac8b44b3b32f38a4155bf54baff12\"},\"headline\":\"Mein Kampf\",\"datePublished\":\"2026-06-16T05:09:17+00:00\",\"dateModified\":\"2026-06-16T21:11:12+00:00\",\"mainEntityOfPage\":{\"@id\":\"https:\\\/\\\/chelibertario.com.ar\\\/index.php\\\/2026\\\/06\\\/16\\\/mein-kampf\\\/\"},\"wordCount\":87,\"commentCount\":0,\"publisher\":{\"@id\":\"https:\\\/\\\/chelibertario.com.ar\\\/#organization\"},\"image\":{\"@id\":\"https:\\\/\\\/chelibertario.com.ar\\\/index.php\\\/2026\\\/06\\\/16\\\/mein-kampf\\\/#primaryimage\"},\"thumbnailUrl\":\"https:\\\/\\\/chelibertario.com.ar\\\/wp-content\\\/uploads\\\/2026\\\/06\\\/5129-770x1024.jpg\",\"articleSection\":[\"Uncategorized\"],\"inLanguage\":\"es\",\"potentialAction\":[{\"@type\":\"CommentAction\",\"name\":\"Comment\",\"target\":[\"https:\\\/\\\/chelibertario.com.ar\\\/index.php\\\/2026\\\/06\\\/16\\\/mein-kampf\\\/#respond\"]}]},{\"@type\":\"WebPage\",\"@id\":\"https:\\\/\\\/chelibertario.com.ar\\\/index.php\\\/2026\\\/06\\\/16\\\/mein-kampf\\\/\",\"url\":\"https:\\\/\\\/chelibertario.com.ar\\\/index.php\\\/2026\\\/06\\\/16\\\/mein-kampf\\\/\",\"name\":\"Mein Kampf - Che Libertario\",\"isPartOf\":{\"@id\":\"https:\\\/\\\/chelibertario.com.ar\\\/#website\"},\"primaryImageOfPage\":{\"@id\":\"https:\\\/\\\/chelibertario.com.ar\\\/index.php\\\/2026\\\/06\\\/16\\\/mein-kampf\\\/#primaryimage\"},\"image\":{\"@id\":\"https:\\\/\\\/chelibertario.com.ar\\\/index.php\\\/2026\\\/06\\\/16\\\/mein-kampf\\\/#primaryimage\"},\"thumbnailUrl\":\"https:\\\/\\\/chelibertario.com.ar\\\/wp-content\\\/uploads\\\/2026\\\/06\\\/5129-770x1024.jpg\",\"datePublished\":\"2026-06-16T05:09:17+00:00\",\"dateModified\":\"2026-06-16T21:11:12+00:00\",\"description\":\"Militantes de la libertad, desafiliados pol\u00edticos. La cultura de los que humillan, destratan a otros, se materializa en situaciones o contextos de asimetr\u00eda.\",\"breadcrumb\":{\"@id\":\"https:\\\/\\\/chelibertario.com.ar\\\/index.php\\\/2026\\\/06\\\/16\\\/mein-kampf\\\/#breadcrumb\"},\"inLanguage\":\"es\",\"potentialAction\":[{\"@type\":\"ReadAction\",\"target\":[\"https:\\\/\\\/chelibertario.com.ar\\\/index.php\\\/2026\\\/06\\\/16\\\/mein-kampf\\\/\"]}]},{\"@type\":\"ImageObject\",\"inLanguage\":\"es\",\"@id\":\"https:\\\/\\\/chelibertario.com.ar\\\/index.php\\\/2026\\\/06\\\/16\\\/mein-kampf\\\/#primaryimage\",\"url\":\"https:\\\/\\\/chelibertario.com.ar\\\/wp-content\\\/uploads\\\/2026\\\/06\\\/5129.jpg\",\"contentUrl\":\"https:\\\/\\\/chelibertario.com.ar\\\/wp-content\\\/uploads\\\/2026\\\/06\\\/5129.jpg\",\"width\":1833,\"height\":2439},{\"@type\":\"BreadcrumbList\",\"@id\":\"https:\\\/\\\/chelibertario.com.ar\\\/index.php\\\/2026\\\/06\\\/16\\\/mein-kampf\\\/#breadcrumb\",\"itemListElement\":[{\"@type\":\"ListItem\",\"position\":1,\"name\":\"Portada\",\"item\":\"https:\\\/\\\/chelibertario.com.ar\\\/\"},{\"@type\":\"ListItem\",\"position\":2,\"name\":\"Mein Kampf\"}]},{\"@type\":\"WebSite\",\"@id\":\"https:\\\/\\\/chelibertario.com.ar\\\/#website\",\"url\":\"https:\\\/\\\/chelibertario.com.ar\\\/\",\"name\":\"Che Libertario\",\"description\":\"Militantes de la libertad, desafiliados pol\u00edticos. Comunidad de libres.\",\"publisher\":{\"@id\":\"https:\\\/\\\/chelibertario.com.ar\\\/#organization\"},\"potentialAction\":[{\"@type\":\"SearchAction\",\"target\":{\"@type\":\"EntryPoint\",\"urlTemplate\":\"https:\\\/\\\/chelibertario.com.ar\\\/?s={search_term_string}\"},\"query-input\":{\"@type\":\"PropertyValueSpecification\",\"valueRequired\":true,\"valueName\":\"search_term_string\"}}],\"inLanguage\":\"es\"},{\"@type\":\"Organization\",\"@id\":\"https:\\\/\\\/chelibertario.com.ar\\\/#organization\",\"name\":\"Che Libertario\",\"url\":\"https:\\\/\\\/chelibertario.com.ar\\\/\",\"logo\":{\"@type\":\"ImageObject\",\"inLanguage\":\"es\",\"@id\":\"https:\\\/\\\/chelibertario.com.ar\\\/#\\\/schema\\\/logo\\\/image\\\/\",\"url\":\"https:\\\/\\\/chelibertario.com.ar\\\/wp-content\\\/uploads\\\/2025\\\/11\\\/Che-Libertario-Logotipo-Final-scaled.jpg\",\"contentUrl\":\"https:\\\/\\\/chelibertario.com.ar\\\/wp-content\\\/uploads\\\/2025\\\/11\\\/Che-Libertario-Logotipo-Final-scaled.jpg\",\"width\":2560,\"height\":2560,\"caption\":\"Che Libertario\"},\"image\":{\"@id\":\"https:\\\/\\\/chelibertario.com.ar\\\/#\\\/schema\\\/logo\\\/image\\\/\"},\"sameAs\":[\"https:\\\/\\\/www.facebook.com\\\/CheLibertario\",\"https:\\\/\\\/x.com\\\/MuhandoJose\",\"https:\\\/\\\/www.instagram.com\\\/chelibertario\\\/\"]},{\"@type\":\"Person\",\"@id\":\"https:\\\/\\\/chelibertario.com.ar\\\/#\\\/schema\\\/person\\\/0c8ac8b44b3b32f38a4155bf54baff12\",\"name\":\"Jos\u00e9 Antonio Muhando\",\"pronouns\":\"Che Muhando\",\"image\":{\"@type\":\"ImageObject\",\"inLanguage\":\"es\",\"@id\":\"https:\\\/\\\/secure.gravatar.com\\\/avatar\\\/f83204b5fee976b18416bde7a042166b08876004285ca9706d56c88e7742a614?s=96&d=mm&r=g\",\"url\":\"https:\\\/\\\/secure.gravatar.com\\\/avatar\\\/f83204b5fee976b18416bde7a042166b08876004285ca9706d56c88e7742a614?s=96&d=mm&r=g\",\"contentUrl\":\"https:\\\/\\\/secure.gravatar.com\\\/avatar\\\/f83204b5fee976b18416bde7a042166b08876004285ca9706d56c88e7742a614?s=96&d=mm&r=g\",\"caption\":\"Jos\u00e9 Antonio Muhando\"},\"sameAs\":[\"https:\\\/\\\/chelibertario.com.ar\",\"facebook.com\\\/CheLibertario\",\"https:\\\/\\\/x.com\\\/https:\\\/\\\/x.com\\\/MuhandoJose\"],\"url\":\"https:\\\/\\\/chelibertario.com.ar\\\/index.php\\\/author\\\/jose\\\/\"}]}<\/script>\n<!-- \/ Yoast SEO plugin. -->","yoast_head_json":{"title":"Mein Kampf - Che Libertario","description":"Militantes de la libertad, desafiliados pol\u00edticos. La cultura de los que humillan, destratan a otros, se materializa en situaciones o contextos de asimetr\u00eda.","robots":{"index":"index","follow":"follow","max-snippet":"max-snippet:-1","max-image-preview":"max-image-preview:large","max-video-preview":"max-video-preview:-1"},"canonical":"https:\/\/chelibertario.com.ar\/index.php\/2026\/06\/16\/mein-kampf\/","og_locale":"es_ES","og_type":"article","og_title":"Mein Kampf - Che Libertario","og_description":"Militantes de la libertad, desafiliados pol\u00edticos. La cultura de los que humillan, destratan a otros, se materializa en situaciones o contextos de asimetr\u00eda.","og_url":"https:\/\/chelibertario.com.ar\/index.php\/2026\/06\/16\/mein-kampf\/","og_site_name":"Che Libertario","article_publisher":"https:\/\/www.facebook.com\/CheLibertario","article_author":"facebook.com\/CheLibertario","article_published_time":"2026-06-16T05:09:17+00:00","article_modified_time":"2026-06-16T21:11:12+00:00","og_image":[{"width":770,"height":1024,"url":"https:\/\/chelibertario.com.ar\/wp-content\/uploads\/2026\/06\/5129-770x1024.jpg","type":"image\/jpeg"}],"author":"Jos\u00e9 Antonio Muhando","twitter_card":"summary_large_image","twitter_creator":"@https:\/\/x.com\/MuhandoJose","twitter_site":"@MuhandoJose","twitter_misc":{"Escrito por":"Jos\u00e9 Antonio Muhando","Tiempo de lectura":"1 minuto"},"schema":{"@context":"https:\/\/schema.org","@graph":[{"@type":"Article","@id":"https:\/\/chelibertario.com.ar\/index.php\/2026\/06\/16\/mein-kampf\/#article","isPartOf":{"@id":"https:\/\/chelibertario.com.ar\/index.php\/2026\/06\/16\/mein-kampf\/"},"author":{"name":"Jos\u00e9 Antonio Muhando","@id":"https:\/\/chelibertario.com.ar\/#\/schema\/person\/0c8ac8b44b3b32f38a4155bf54baff12"},"headline":"Mein Kampf","datePublished":"2026-06-16T05:09:17+00:00","dateModified":"2026-06-16T21:11:12+00:00","mainEntityOfPage":{"@id":"https:\/\/chelibertario.com.ar\/index.php\/2026\/06\/16\/mein-kampf\/"},"wordCount":87,"commentCount":0,"publisher":{"@id":"https:\/\/chelibertario.com.ar\/#organization"},"image":{"@id":"https:\/\/chelibertario.com.ar\/index.php\/2026\/06\/16\/mein-kampf\/#primaryimage"},"thumbnailUrl":"https:\/\/chelibertario.com.ar\/wp-content\/uploads\/2026\/06\/5129-770x1024.jpg","articleSection":["Uncategorized"],"inLanguage":"es","potentialAction":[{"@type":"CommentAction","name":"Comment","target":["https:\/\/chelibertario.com.ar\/index.php\/2026\/06\/16\/mein-kampf\/#respond"]}]},{"@type":"WebPage","@id":"https:\/\/chelibertario.com.ar\/index.php\/2026\/06\/16\/mein-kampf\/","url":"https:\/\/chelibertario.com.ar\/index.php\/2026\/06\/16\/mein-kampf\/","name":"Mein Kampf - Che Libertario","isPartOf":{"@id":"https:\/\/chelibertario.com.ar\/#website"},"primaryImageOfPage":{"@id":"https:\/\/chelibertario.com.ar\/index.php\/2026\/06\/16\/mein-kampf\/#primaryimage"},"image":{"@id":"https:\/\/chelibertario.com.ar\/index.php\/2026\/06\/16\/mein-kampf\/#primaryimage"},"thumbnailUrl":"https:\/\/chelibertario.com.ar\/wp-content\/uploads\/2026\/06\/5129-770x1024.jpg","datePublished":"2026-06-16T05:09:17+00:00","dateModified":"2026-06-16T21:11:12+00:00","description":"Militantes de la libertad, desafiliados pol\u00edticos. La cultura de los que humillan, destratan a otros, se materializa en situaciones o contextos de asimetr\u00eda.","breadcrumb":{"@id":"https:\/\/chelibertario.com.ar\/index.php\/2026\/06\/16\/mein-kampf\/#breadcrumb"},"inLanguage":"es","potentialAction":[{"@type":"ReadAction","target":["https:\/\/chelibertario.com.ar\/index.php\/2026\/06\/16\/mein-kampf\/"]}]},{"@type":"ImageObject","inLanguage":"es","@id":"https:\/\/chelibertario.com.ar\/index.php\/2026\/06\/16\/mein-kampf\/#primaryimage","url":"https:\/\/chelibertario.com.ar\/wp-content\/uploads\/2026\/06\/5129.jpg","contentUrl":"https:\/\/chelibertario.com.ar\/wp-content\/uploads\/2026\/06\/5129.jpg","width":1833,"height":2439},{"@type":"BreadcrumbList","@id":"https:\/\/chelibertario.com.ar\/index.php\/2026\/06\/16\/mein-kampf\/#breadcrumb","itemListElement":[{"@type":"ListItem","position":1,"name":"Portada","item":"https:\/\/chelibertario.com.ar\/"},{"@type":"ListItem","position":2,"name":"Mein Kampf"}]},{"@type":"WebSite","@id":"https:\/\/chelibertario.com.ar\/#website","url":"https:\/\/chelibertario.com.ar\/","name":"Che Libertario","description":"Militantes de la libertad, desafiliados pol\u00edticos. Comunidad de libres.","publisher":{"@id":"https:\/\/chelibertario.com.ar\/#organization"},"potentialAction":[{"@type":"SearchAction","target":{"@type":"EntryPoint","urlTemplate":"https:\/\/chelibertario.com.ar\/?s={search_term_string}"},"query-input":{"@type":"PropertyValueSpecification","valueRequired":true,"valueName":"search_term_string"}}],"inLanguage":"es"},{"@type":"Organization","@id":"https:\/\/chelibertario.com.ar\/#organization","name":"Che Libertario","url":"https:\/\/chelibertario.com.ar\/","logo":{"@type":"ImageObject","inLanguage":"es","@id":"https:\/\/chelibertario.com.ar\/#\/schema\/logo\/image\/","url":"https:\/\/chelibertario.com.ar\/wp-content\/uploads\/2025\/11\/Che-Libertario-Logotipo-Final-scaled.jpg","contentUrl":"https:\/\/chelibertario.com.ar\/wp-content\/uploads\/2025\/11\/Che-Libertario-Logotipo-Final-scaled.jpg","width":2560,"height":2560,"caption":"Che Libertario"},"image":{"@id":"https:\/\/chelibertario.com.ar\/#\/schema\/logo\/image\/"},"sameAs":["https:\/\/www.facebook.com\/CheLibertario","https:\/\/x.com\/MuhandoJose","https:\/\/www.instagram.com\/chelibertario\/"]},{"@type":"Person","@id":"https:\/\/chelibertario.com.ar\/#\/schema\/person\/0c8ac8b44b3b32f38a4155bf54baff12","name":"Jos\u00e9 Antonio Muhando","pronouns":"Che Muhando","image":{"@type":"ImageObject","inLanguage":"es","@id":"https:\/\/secure.gravatar.com\/avatar\/f83204b5fee976b18416bde7a042166b08876004285ca9706d56c88e7742a614?s=96&d=mm&r=g","url":"https:\/\/secure.gravatar.com\/avatar\/f83204b5fee976b18416bde7a042166b08876004285ca9706d56c88e7742a614?s=96&d=mm&r=g","contentUrl":"https:\/\/secure.gravatar.com\/avatar\/f83204b5fee976b18416bde7a042166b08876004285ca9706d56c88e7742a614?s=96&d=mm&r=g","caption":"Jos\u00e9 Antonio Muhando"},"sameAs":["https:\/\/chelibertario.com.ar","facebook.com\/CheLibertario","https:\/\/x.com\/https:\/\/x.com\/MuhandoJose"],"url":"https:\/\/chelibertario.com.ar\/index.php\/author\/jose\/"}]}},"_links":{"self":[{"href":"https:\/\/chelibertario.com.ar\/index.php\/wp-json\/wp\/v2\/posts\/8868","targetHints":{"allow":["GET"]}}],"collection":[{"href":"https:\/\/chelibertario.com.ar\/index.php\/wp-json\/wp\/v2\/posts"}],"about":[{"href":"https:\/\/chelibertario.com.ar\/index.php\/wp-json\/wp\/v2\/types\/post"}],"author":[{"embeddable":true,"href":"https:\/\/chelibertario.com.ar\/index.php\/wp-json\/wp\/v2\/users\/1"}],"replies":[{"embeddable":true,"href":"https:\/\/chelibertario.com.ar\/index.php\/wp-json\/wp\/v2\/comments?post=8868"}],"version-history":[{"count":5,"href":"https:\/\/chelibertario.com.ar\/index.php\/wp-json\/wp\/v2\/posts\/8868\/revisions"}],"predecessor-version":[{"id":8885,"href":"https:\/\/chelibertario.com.ar\/index.php\/wp-json\/wp\/v2\/posts\/8868\/revisions\/8885"}],"wp:attachment":[{"href":"https:\/\/chelibertario.com.ar\/index.php\/wp-json\/wp\/v2\/media?parent=8868"}],"wp:term":[{"taxonomy":"category","embeddable":true,"href":"https:\/\/chelibertario.com.ar\/index.php\/wp-json\/wp\/v2\/categories?post=8868"},{"taxonomy":"post_tag","embeddable":true,"href":"https:\/\/chelibertario.com.ar\/index.php\/wp-json\/wp\/v2\/tags?post=8868"}],"curies":[{"name":"wp","href":"https:\/\/api.w.org\/{rel}","templated":true}]}}