{"id":9731,"date":"2026-08-01T04:34:30","date_gmt":"2026-08-01T04:34:30","guid":{"rendered":"https:\/\/chelibertario.com.ar\/?p=9731"},"modified":"2026-08-01T04:47:57","modified_gmt":"2026-08-01T04:47:57","slug":"santa-fe-magico","status":"publish","type":"post","link":"https:\/\/chelibertario.com.ar\/index.php\/2026\/08\/01\/santa-fe-magico\/","title":{"rendered":"Santa Fe m\u00e1gico"},"content":{"rendered":"\n<p class=\"wp-block-paragraph\">La ventaja de vivir en una ciudad como Santa Fe, donde lo \u00fanico que parece tener vida es el empleo p\u00fablico, dif\u00edcilmente tengamos un turismo que ponga en peligro la accesibilidad a una vivienda, los alquileres var\u00edan pero no se desmarcan de la realidad, de lo contrario pierden en cuanto negocio. <\/p>\n\n\n\n<p class=\"wp-block-paragraph\">El lavado de dinero es visible, pero de eso no podemos hablar sin pruebas, imaginamos a los fines de pensar, en una econom\u00eda que no sabemos como se mueve. As\u00ed que, lugares donde lo \u00fanico que hay para visitar son unas cuantas pizzer\u00edas, locales de venta de ropa y poller\u00edas donde comprar alitas de pollo..; se levantan edificios por todos lados, un parque automotor de mediana\/alta gama, desfilan camionetas 4&#215;4. Magia.<\/p>\n\n\n\n<p class=\"wp-block-paragraph\"><\/p>\n","protected":false},"excerpt":{"rendered":"<p>La ventaja de vivir en una ciudad como Santa Fe, donde lo \u00fanico que parece tener vida es el empleo p\u00fablico, dif\u00edcilmente tengamos un turismo que ponga en peligro la accesibilidad a una vivienda, los alquileres var\u00edan pero no se desmarcan de la realidad, de lo contrario pierden en cuanto negocio. El lavado de dinero [&hellip;]<\/p>\n","protected":false},"author":1,"featured_media":0,"comment_status":"open","ping_status":"closed","sticky":false,"template":"","format":"standard","meta":{"footnotes":""},"categories":[1],"tags":[],"class_list":["post-9731","post","type-post","status-publish","format-standard","hentry","category-uncategorized"],"yoast_head":"<!-- This site is optimized with the Yoast SEO plugin v28.3 - https:\/\/yoast.com\/product\/yoast-seo-wordpress\/ -->\n<title>Santa Fe m\u00e1gico - Che Libertario<\/title>\n<meta name=\"description\" content=\"Militantes de la libertad, desafiliados pol\u00edticos.\" \/>\n<meta name=\"robots\" content=\"index, follow, max-snippet:-1, max-image-preview:large, max-video-preview:-1\" \/>\n<link rel=\"canonical\" href=\"https:\/\/chelibertario.com.ar\/index.php\/2026\/08\/01\/santa-fe-magico\/\" \/>\n<meta property=\"og:locale\" content=\"es_ES\" \/>\n<meta property=\"og:type\" content=\"article\" \/>\n<meta property=\"og:title\" content=\"Santa Fe m\u00e1gico - Che Libertario\" \/>\n<meta property=\"og:description\" content=\"Militantes de la libertad, desafiliados pol\u00edticos.\" \/>\n<meta property=\"og:url\" content=\"https:\/\/chelibertario.com.ar\/index.php\/2026\/08\/01\/santa-fe-magico\/\" \/>\n<meta property=\"og:site_name\" content=\"Che Libertario\" \/>\n<meta property=\"article:publisher\" content=\"https:\/\/www.facebook.com\/CheLibertario\" \/>\n<meta property=\"article:author\" content=\"facebook.com\/CheLibertario\" \/>\n<meta property=\"article:published_time\" content=\"2026-08-01T04:34:30+00:00\" \/>\n<meta property=\"article:modified_time\" content=\"2026-08-01T04:47:57+00:00\" \/>\n<meta name=\"author\" content=\"Jos\u00e9 Antonio Muhando\" \/>\n<meta name=\"twitter:card\" content=\"summary_large_image\" \/>\n<meta name=\"twitter:creator\" content=\"@https:\/\/x.com\/MuhandoJose\" \/>\n<meta name=\"twitter:site\" content=\"@MuhandoJose\" \/>\n<meta name=\"twitter:label1\" content=\"Escrito por\" \/>\n\t<meta name=\"twitter:data1\" content=\"Jos\u00e9 Antonio Muhando\" \/>\n\t<meta name=\"twitter:label2\" content=\"Tiempo de lectura\" \/>\n\t<meta name=\"twitter:data2\" content=\"1 minuto\" \/>\n<script type=\"application\/ld+json\" class=\"yoast-schema-graph\">{\"@context\":\"https:\\\/\\\/schema.org\",\"@graph\":[{\"@type\":\"Article\",\"@id\":\"https:\\\/\\\/chelibertario.com.ar\\\/index.php\\\/2026\\\/08\\\/01\\\/santa-fe-magico\\\/#article\",\"isPartOf\":{\"@id\":\"https:\\\/\\\/chelibertario.com.ar\\\/index.php\\\/2026\\\/08\\\/01\\\/santa-fe-magico\\\/\"},\"author\":{\"name\":\"Jos\u00e9 Antonio Muhando\",\"@id\":\"https:\\\/\\\/chelibertario.com.ar\\\/#\\\/schema\\\/person\\\/0c8ac8b44b3b32f38a4155bf54baff12\"},\"headline\":\"Santa Fe m\u00e1gico\",\"datePublished\":\"2026-08-01T04:34:30+00:00\",\"dateModified\":\"2026-08-01T04:47:57+00:00\",\"mainEntityOfPage\":{\"@id\":\"https:\\\/\\\/chelibertario.com.ar\\\/index.php\\\/2026\\\/08\\\/01\\\/santa-fe-magico\\\/\"},\"wordCount\":133,\"commentCount\":0,\"publisher\":{\"@id\":\"https:\\\/\\\/chelibertario.com.ar\\\/#organization\"},\"articleSection\":[\"Uncategorized\"],\"inLanguage\":\"es\",\"potentialAction\":[{\"@type\":\"CommentAction\",\"name\":\"Comment\",\"target\":[\"https:\\\/\\\/chelibertario.com.ar\\\/index.php\\\/2026\\\/08\\\/01\\\/santa-fe-magico\\\/#respond\"]}]},{\"@type\":\"WebPage\",\"@id\":\"https:\\\/\\\/chelibertario.com.ar\\\/index.php\\\/2026\\\/08\\\/01\\\/santa-fe-magico\\\/\",\"url\":\"https:\\\/\\\/chelibertario.com.ar\\\/index.php\\\/2026\\\/08\\\/01\\\/santa-fe-magico\\\/\",\"name\":\"Santa Fe m\u00e1gico - Che Libertario\",\"isPartOf\":{\"@id\":\"https:\\\/\\\/chelibertario.com.ar\\\/#website\"},\"datePublished\":\"2026-08-01T04:34:30+00:00\",\"dateModified\":\"2026-08-01T04:47:57+00:00\",\"description\":\"Militantes de la libertad, desafiliados pol\u00edticos.\",\"breadcrumb\":{\"@id\":\"https:\\\/\\\/chelibertario.com.ar\\\/index.php\\\/2026\\\/08\\\/01\\\/santa-fe-magico\\\/#breadcrumb\"},\"inLanguage\":\"es\",\"potentialAction\":[{\"@type\":\"ReadAction\",\"target\":[\"https:\\\/\\\/chelibertario.com.ar\\\/index.php\\\/2026\\\/08\\\/01\\\/santa-fe-magico\\\/\"]}]},{\"@type\":\"BreadcrumbList\",\"@id\":\"https:\\\/\\\/chelibertario.com.ar\\\/index.php\\\/2026\\\/08\\\/01\\\/santa-fe-magico\\\/#breadcrumb\",\"itemListElement\":[{\"@type\":\"ListItem\",\"position\":1,\"name\":\"Portada\",\"item\":\"https:\\\/\\\/chelibertario.com.ar\\\/\"},{\"@type\":\"ListItem\",\"position\":2,\"name\":\"Santa Fe m\u00e1gico\"}]},{\"@type\":\"WebSite\",\"@id\":\"https:\\\/\\\/chelibertario.com.ar\\\/#website\",\"url\":\"https:\\\/\\\/chelibertario.com.ar\\\/\",\"name\":\"Che Libertario\",\"description\":\"Militantes de la libertad, desafiliados pol\u00edticos. Comunidad de libres.\",\"publisher\":{\"@id\":\"https:\\\/\\\/chelibertario.com.ar\\\/#organization\"},\"potentialAction\":[{\"@type\":\"SearchAction\",\"target\":{\"@type\":\"EntryPoint\",\"urlTemplate\":\"https:\\\/\\\/chelibertario.com.ar\\\/?s={search_term_string}\"},\"query-input\":{\"@type\":\"PropertyValueSpecification\",\"valueRequired\":true,\"valueName\":\"search_term_string\"}}],\"inLanguage\":\"es\"},{\"@type\":\"Organization\",\"@id\":\"https:\\\/\\\/chelibertario.com.ar\\\/#organization\",\"name\":\"Che Libertario\",\"url\":\"https:\\\/\\\/chelibertario.com.ar\\\/\",\"logo\":{\"@type\":\"ImageObject\",\"inLanguage\":\"es\",\"@id\":\"https:\\\/\\\/chelibertario.com.ar\\\/#\\\/schema\\\/logo\\\/image\\\/\",\"url\":\"https:\\\/\\\/chelibertario.com.ar\\\/wp-content\\\/uploads\\\/2025\\\/11\\\/Che-Libertario-Logotipo-Final-scaled.jpg\",\"contentUrl\":\"https:\\\/\\\/chelibertario.com.ar\\\/wp-content\\\/uploads\\\/2025\\\/11\\\/Che-Libertario-Logotipo-Final-scaled.jpg\",\"width\":2560,\"height\":2560,\"caption\":\"Che Libertario\"},\"image\":{\"@id\":\"https:\\\/\\\/chelibertario.com.ar\\\/#\\\/schema\\\/logo\\\/image\\\/\"},\"sameAs\":[\"https:\\\/\\\/www.facebook.com\\\/CheLibertario\",\"https:\\\/\\\/x.com\\\/MuhandoJose\",\"https:\\\/\\\/www.instagram.com\\\/chelibertario\\\/\"]},{\"@type\":\"Person\",\"@id\":\"https:\\\/\\\/chelibertario.com.ar\\\/#\\\/schema\\\/person\\\/0c8ac8b44b3b32f38a4155bf54baff12\",\"name\":\"Jos\u00e9 Antonio Muhando\",\"pronouns\":\"Che Muhando\",\"image\":{\"@type\":\"ImageObject\",\"inLanguage\":\"es\",\"@id\":\"https:\\\/\\\/secure.gravatar.com\\\/avatar\\\/f83204b5fee976b18416bde7a042166b08876004285ca9706d56c88e7742a614?s=96&d=mm&r=g\",\"url\":\"https:\\\/\\\/secure.gravatar.com\\\/avatar\\\/f83204b5fee976b18416bde7a042166b08876004285ca9706d56c88e7742a614?s=96&d=mm&r=g\",\"contentUrl\":\"https:\\\/\\\/secure.gravatar.com\\\/avatar\\\/f83204b5fee976b18416bde7a042166b08876004285ca9706d56c88e7742a614?s=96&d=mm&r=g\",\"caption\":\"Jos\u00e9 Antonio Muhando\"},\"sameAs\":[\"https:\\\/\\\/chelibertario.com.ar\",\"facebook.com\\\/CheLibertario\",\"https:\\\/\\\/x.com\\\/https:\\\/\\\/x.com\\\/MuhandoJose\"],\"url\":\"https:\\\/\\\/chelibertario.com.ar\\\/index.php\\\/author\\\/jose\\\/\"}]}<\/script>\n<!-- \/ Yoast SEO plugin. -->","yoast_head_json":{"title":"Santa Fe m\u00e1gico - Che Libertario","description":"Militantes de la libertad, desafiliados pol\u00edticos.","robots":{"index":"index","follow":"follow","max-snippet":"max-snippet:-1","max-image-preview":"max-image-preview:large","max-video-preview":"max-video-preview:-1"},"canonical":"https:\/\/chelibertario.com.ar\/index.php\/2026\/08\/01\/santa-fe-magico\/","og_locale":"es_ES","og_type":"article","og_title":"Santa Fe m\u00e1gico - Che Libertario","og_description":"Militantes de la libertad, desafiliados pol\u00edticos.","og_url":"https:\/\/chelibertario.com.ar\/index.php\/2026\/08\/01\/santa-fe-magico\/","og_site_name":"Che Libertario","article_publisher":"https:\/\/www.facebook.com\/CheLibertario","article_author":"facebook.com\/CheLibertario","article_published_time":"2026-08-01T04:34:30+00:00","article_modified_time":"2026-08-01T04:47:57+00:00","author":"Jos\u00e9 Antonio Muhando","twitter_card":"summary_large_image","twitter_creator":"@https:\/\/x.com\/MuhandoJose","twitter_site":"@MuhandoJose","twitter_misc":{"Escrito por":"Jos\u00e9 Antonio Muhando","Tiempo de lectura":"1 minuto"},"schema":{"@context":"https:\/\/schema.org","@graph":[{"@type":"Article","@id":"https:\/\/chelibertario.com.ar\/index.php\/2026\/08\/01\/santa-fe-magico\/#article","isPartOf":{"@id":"https:\/\/chelibertario.com.ar\/index.php\/2026\/08\/01\/santa-fe-magico\/"},"author":{"name":"Jos\u00e9 Antonio Muhando","@id":"https:\/\/chelibertario.com.ar\/#\/schema\/person\/0c8ac8b44b3b32f38a4155bf54baff12"},"headline":"Santa Fe m\u00e1gico","datePublished":"2026-08-01T04:34:30+00:00","dateModified":"2026-08-01T04:47:57+00:00","mainEntityOfPage":{"@id":"https:\/\/chelibertario.com.ar\/index.php\/2026\/08\/01\/santa-fe-magico\/"},"wordCount":133,"commentCount":0,"publisher":{"@id":"https:\/\/chelibertario.com.ar\/#organization"},"articleSection":["Uncategorized"],"inLanguage":"es","potentialAction":[{"@type":"CommentAction","name":"Comment","target":["https:\/\/chelibertario.com.ar\/index.php\/2026\/08\/01\/santa-fe-magico\/#respond"]}]},{"@type":"WebPage","@id":"https:\/\/chelibertario.com.ar\/index.php\/2026\/08\/01\/santa-fe-magico\/","url":"https:\/\/chelibertario.com.ar\/index.php\/2026\/08\/01\/santa-fe-magico\/","name":"Santa Fe m\u00e1gico - Che Libertario","isPartOf":{"@id":"https:\/\/chelibertario.com.ar\/#website"},"datePublished":"2026-08-01T04:34:30+00:00","dateModified":"2026-08-01T04:47:57+00:00","description":"Militantes de la libertad, desafiliados pol\u00edticos.","breadcrumb":{"@id":"https:\/\/chelibertario.com.ar\/index.php\/2026\/08\/01\/santa-fe-magico\/#breadcrumb"},"inLanguage":"es","potentialAction":[{"@type":"ReadAction","target":["https:\/\/chelibertario.com.ar\/index.php\/2026\/08\/01\/santa-fe-magico\/"]}]},{"@type":"BreadcrumbList","@id":"https:\/\/chelibertario.com.ar\/index.php\/2026\/08\/01\/santa-fe-magico\/#breadcrumb","itemListElement":[{"@type":"ListItem","position":1,"name":"Portada","item":"https:\/\/chelibertario.com.ar\/"},{"@type":"ListItem","position":2,"name":"Santa Fe m\u00e1gico"}]},{"@type":"WebSite","@id":"https:\/\/chelibertario.com.ar\/#website","url":"https:\/\/chelibertario.com.ar\/","name":"Che Libertario","description":"Militantes de la libertad, desafiliados pol\u00edticos. Comunidad de libres.","publisher":{"@id":"https:\/\/chelibertario.com.ar\/#organization"},"potentialAction":[{"@type":"SearchAction","target":{"@type":"EntryPoint","urlTemplate":"https:\/\/chelibertario.com.ar\/?s={search_term_string}"},"query-input":{"@type":"PropertyValueSpecification","valueRequired":true,"valueName":"search_term_string"}}],"inLanguage":"es"},{"@type":"Organization","@id":"https:\/\/chelibertario.com.ar\/#organization","name":"Che Libertario","url":"https:\/\/chelibertario.com.ar\/","logo":{"@type":"ImageObject","inLanguage":"es","@id":"https:\/\/chelibertario.com.ar\/#\/schema\/logo\/image\/","url":"https:\/\/chelibertario.com.ar\/wp-content\/uploads\/2025\/11\/Che-Libertario-Logotipo-Final-scaled.jpg","contentUrl":"https:\/\/chelibertario.com.ar\/wp-content\/uploads\/2025\/11\/Che-Libertario-Logotipo-Final-scaled.jpg","width":2560,"height":2560,"caption":"Che Libertario"},"image":{"@id":"https:\/\/chelibertario.com.ar\/#\/schema\/logo\/image\/"},"sameAs":["https:\/\/www.facebook.com\/CheLibertario","https:\/\/x.com\/MuhandoJose","https:\/\/www.instagram.com\/chelibertario\/"]},{"@type":"Person","@id":"https:\/\/chelibertario.com.ar\/#\/schema\/person\/0c8ac8b44b3b32f38a4155bf54baff12","name":"Jos\u00e9 Antonio Muhando","pronouns":"Che Muhando","image":{"@type":"ImageObject","inLanguage":"es","@id":"https:\/\/secure.gravatar.com\/avatar\/f83204b5fee976b18416bde7a042166b08876004285ca9706d56c88e7742a614?s=96&d=mm&r=g","url":"https:\/\/secure.gravatar.com\/avatar\/f83204b5fee976b18416bde7a042166b08876004285ca9706d56c88e7742a614?s=96&d=mm&r=g","contentUrl":"https:\/\/secure.gravatar.com\/avatar\/f83204b5fee976b18416bde7a042166b08876004285ca9706d56c88e7742a614?s=96&d=mm&r=g","caption":"Jos\u00e9 Antonio Muhando"},"sameAs":["https:\/\/chelibertario.com.ar","facebook.com\/CheLibertario","https:\/\/x.com\/https:\/\/x.com\/MuhandoJose"],"url":"https:\/\/chelibertario.com.ar\/index.php\/author\/jose\/"}]}},"_links":{"self":[{"href":"https:\/\/chelibertario.com.ar\/index.php\/wp-json\/wp\/v2\/posts\/9731","targetHints":{"allow":["GET"]}}],"collection":[{"href":"https:\/\/chelibertario.com.ar\/index.php\/wp-json\/wp\/v2\/posts"}],"about":[{"href":"https:\/\/chelibertario.com.ar\/index.php\/wp-json\/wp\/v2\/types\/post"}],"author":[{"embeddable":true,"href":"https:\/\/chelibertario.com.ar\/index.php\/wp-json\/wp\/v2\/users\/1"}],"replies":[{"embeddable":true,"href":"https:\/\/chelibertario.com.ar\/index.php\/wp-json\/wp\/v2\/comments?post=9731"}],"version-history":[{"count":6,"href":"https:\/\/chelibertario.com.ar\/index.php\/wp-json\/wp\/v2\/posts\/9731\/revisions"}],"predecessor-version":[{"id":9739,"href":"https:\/\/chelibertario.com.ar\/index.php\/wp-json\/wp\/v2\/posts\/9731\/revisions\/9739"}],"wp:attachment":[{"href":"https:\/\/chelibertario.com.ar\/index.php\/wp-json\/wp\/v2\/media?parent=9731"}],"wp:term":[{"taxonomy":"category","embeddable":true,"href":"https:\/\/chelibertario.com.ar\/index.php\/wp-json\/wp\/v2\/categories?post=9731"},{"taxonomy":"post_tag","embeddable":true,"href":"https:\/\/chelibertario.com.ar\/index.php\/wp-json\/wp\/v2\/tags?post=9731"}],"curies":[{"name":"wp","href":"https:\/\/api.w.org\/{rel}","templated":true}]}}