{"id":9769,"date":"2026-08-02T15:31:22","date_gmt":"2026-08-02T15:31:22","guid":{"rendered":"https:\/\/chelibertario.com.ar\/?p=9769"},"modified":"2026-08-02T19:37:36","modified_gmt":"2026-08-02T19:37:36","slug":"osadia-santafesina","status":"publish","type":"post","link":"https:\/\/chelibertario.com.ar\/index.php\/2026\/08\/02\/osadia-santafesina\/","title":{"rendered":"Osad\u00eda santafesina"},"content":{"rendered":"\n<figure class=\"wp-block-image size-full\"><img loading=\"lazy\" decoding=\"async\" width=\"1024\" height=\"680\" src=\"https:\/\/chelibertario.com.ar\/wp-content\/uploads\/2026\/08\/17856848196697129858224761819747.jpg\" alt=\"\" class=\"wp-image-9772\" srcset=\"https:\/\/chelibertario.com.ar\/wp-content\/uploads\/2026\/08\/17856848196697129858224761819747.jpg 1024w, https:\/\/chelibertario.com.ar\/wp-content\/uploads\/2026\/08\/17856848196697129858224761819747-300x199.jpg 300w, https:\/\/chelibertario.com.ar\/wp-content\/uploads\/2026\/08\/17856848196697129858224761819747-768x510.jpg 768w\" sizes=\"auto, (max-width: 1024px) 100vw, 1024px\" \/><\/figure>\n\n\n\n<p class=\"wp-block-paragraph\">Se reform\u00f3 la Constituci\u00f3n de la provincia de Santa Fe, la \u00fanica modificaci\u00f3n en favor del pueblo es la autonom\u00eda de las ciudades.<\/p>\n\n\n\n<p class=\"wp-block-paragraph\">Lleg\u00f3 la hora, <strong>ciudad de Santa Fe para los santafesinos<\/strong> o directamente no ir a votar, no hay modelo que seguir, lo tenemos que inventar nosotros, darnos nuestro propio gobierno salido de la gente, de los barrios.<\/p>\n\n\n\n<p class=\"wp-block-paragraph\">No hay una mierda de partido pol\u00edtico, organizaci\u00f3n, espacio, que no sea gestionado, manipulado por rosarinos o para decirlo amablemente, desde Rosario; la excepci\u00f3n, m\u00e1s de lo mismo, agrupamientos pol\u00edticos de alcance nacional ante quienes no existimos.<\/p>\n\n\n\n<p class=\"wp-block-paragraph\">Para un santafesino de veras, Rosario es narcotr\u00e1fico, crimen organizado, corrupci\u00f3n; una sucursal del poder centralista porte\u00f1o.<\/p>\n","protected":false},"excerpt":{"rendered":"<p>Se reform\u00f3 la Constituci\u00f3n de la provincia de Santa Fe, la \u00fanica modificaci\u00f3n en favor del pueblo es la autonom\u00eda de las ciudades. Lleg\u00f3 la hora, ciudad de Santa Fe para los santafesinos o directamente no ir a votar, no hay modelo que seguir, lo tenemos que inventar nosotros, darnos nuestro propio gobierno salido de [&hellip;]<\/p>\n","protected":false},"author":1,"featured_media":0,"comment_status":"open","ping_status":"closed","sticky":false,"template":"","format":"standard","meta":{"footnotes":""},"categories":[1],"tags":[],"class_list":["post-9769","post","type-post","status-publish","format-standard","hentry","category-uncategorized"],"yoast_head":"<!-- This site is optimized with the Yoast SEO plugin v28.3 - https:\/\/yoast.com\/product\/yoast-seo-wordpress\/ -->\n<title>Osad\u00eda santafesina - Che Libertario<\/title>\n<meta name=\"description\" content=\"Militantes de la libertad, desafiliados pol\u00edticos.\" \/>\n<meta name=\"robots\" content=\"index, follow, max-snippet:-1, max-image-preview:large, max-video-preview:-1\" \/>\n<link rel=\"canonical\" href=\"https:\/\/chelibertario.com.ar\/index.php\/2026\/08\/02\/osadia-santafesina\/\" \/>\n<meta property=\"og:locale\" content=\"es_ES\" \/>\n<meta property=\"og:type\" content=\"article\" \/>\n<meta property=\"og:title\" content=\"Osad\u00eda santafesina - Che Libertario\" \/>\n<meta property=\"og:description\" content=\"Militantes de la libertad, desafiliados pol\u00edticos.\" \/>\n<meta property=\"og:url\" content=\"https:\/\/chelibertario.com.ar\/index.php\/2026\/08\/02\/osadia-santafesina\/\" \/>\n<meta property=\"og:site_name\" content=\"Che Libertario\" \/>\n<meta property=\"article:publisher\" content=\"https:\/\/www.facebook.com\/CheLibertario\" \/>\n<meta property=\"article:author\" content=\"facebook.com\/CheLibertario\" \/>\n<meta property=\"article:published_time\" content=\"2026-08-02T15:31:22+00:00\" \/>\n<meta property=\"article:modified_time\" content=\"2026-08-02T19:37:36+00:00\" \/>\n<meta property=\"og:image\" content=\"https:\/\/chelibertario.com.ar\/wp-content\/uploads\/2026\/08\/17856848196697129858224761819747.jpg\" \/>\n\t<meta property=\"og:image:width\" content=\"1024\" \/>\n\t<meta property=\"og:image:height\" content=\"680\" \/>\n\t<meta property=\"og:image:type\" content=\"image\/jpeg\" \/>\n<meta name=\"author\" content=\"Jos\u00e9 Antonio Muhando\" \/>\n<meta name=\"twitter:card\" content=\"summary_large_image\" \/>\n<meta name=\"twitter:creator\" content=\"@https:\/\/x.com\/MuhandoJose\" \/>\n<meta name=\"twitter:site\" content=\"@MuhandoJose\" \/>\n<meta name=\"twitter:label1\" content=\"Escrito por\" \/>\n\t<meta name=\"twitter:data1\" content=\"Jos\u00e9 Antonio Muhando\" \/>\n\t<meta name=\"twitter:label2\" content=\"Tiempo de lectura\" \/>\n\t<meta name=\"twitter:data2\" content=\"1 minuto\" \/>\n<script type=\"application\/ld+json\" class=\"yoast-schema-graph\">{\"@context\":\"https:\\\/\\\/schema.org\",\"@graph\":[{\"@type\":\"Article\",\"@id\":\"https:\\\/\\\/chelibertario.com.ar\\\/index.php\\\/2026\\\/08\\\/02\\\/osadia-santafesina\\\/#article\",\"isPartOf\":{\"@id\":\"https:\\\/\\\/chelibertario.com.ar\\\/index.php\\\/2026\\\/08\\\/02\\\/osadia-santafesina\\\/\"},\"author\":{\"name\":\"Jos\u00e9 Antonio Muhando\",\"@id\":\"https:\\\/\\\/chelibertario.com.ar\\\/#\\\/schema\\\/person\\\/0c8ac8b44b3b32f38a4155bf54baff12\"},\"headline\":\"Osad\u00eda santafesina\",\"datePublished\":\"2026-08-02T15:31:22+00:00\",\"dateModified\":\"2026-08-02T19:37:36+00:00\",\"mainEntityOfPage\":{\"@id\":\"https:\\\/\\\/chelibertario.com.ar\\\/index.php\\\/2026\\\/08\\\/02\\\/osadia-santafesina\\\/\"},\"wordCount\":128,\"commentCount\":0,\"publisher\":{\"@id\":\"https:\\\/\\\/chelibertario.com.ar\\\/#organization\"},\"image\":{\"@id\":\"https:\\\/\\\/chelibertario.com.ar\\\/index.php\\\/2026\\\/08\\\/02\\\/osadia-santafesina\\\/#primaryimage\"},\"thumbnailUrl\":\"https:\\\/\\\/chelibertario.com.ar\\\/wp-content\\\/uploads\\\/2026\\\/08\\\/17856848196697129858224761819747.jpg\",\"articleSection\":[\"Uncategorized\"],\"inLanguage\":\"es\",\"potentialAction\":[{\"@type\":\"CommentAction\",\"name\":\"Comment\",\"target\":[\"https:\\\/\\\/chelibertario.com.ar\\\/index.php\\\/2026\\\/08\\\/02\\\/osadia-santafesina\\\/#respond\"]}]},{\"@type\":\"WebPage\",\"@id\":\"https:\\\/\\\/chelibertario.com.ar\\\/index.php\\\/2026\\\/08\\\/02\\\/osadia-santafesina\\\/\",\"url\":\"https:\\\/\\\/chelibertario.com.ar\\\/index.php\\\/2026\\\/08\\\/02\\\/osadia-santafesina\\\/\",\"name\":\"Osad\u00eda santafesina - Che Libertario\",\"isPartOf\":{\"@id\":\"https:\\\/\\\/chelibertario.com.ar\\\/#website\"},\"primaryImageOfPage\":{\"@id\":\"https:\\\/\\\/chelibertario.com.ar\\\/index.php\\\/2026\\\/08\\\/02\\\/osadia-santafesina\\\/#primaryimage\"},\"image\":{\"@id\":\"https:\\\/\\\/chelibertario.com.ar\\\/index.php\\\/2026\\\/08\\\/02\\\/osadia-santafesina\\\/#primaryimage\"},\"thumbnailUrl\":\"https:\\\/\\\/chelibertario.com.ar\\\/wp-content\\\/uploads\\\/2026\\\/08\\\/17856848196697129858224761819747.jpg\",\"datePublished\":\"2026-08-02T15:31:22+00:00\",\"dateModified\":\"2026-08-02T19:37:36+00:00\",\"description\":\"Militantes de la libertad, desafiliados pol\u00edticos.\",\"breadcrumb\":{\"@id\":\"https:\\\/\\\/chelibertario.com.ar\\\/index.php\\\/2026\\\/08\\\/02\\\/osadia-santafesina\\\/#breadcrumb\"},\"inLanguage\":\"es\",\"potentialAction\":[{\"@type\":\"ReadAction\",\"target\":[\"https:\\\/\\\/chelibertario.com.ar\\\/index.php\\\/2026\\\/08\\\/02\\\/osadia-santafesina\\\/\"]}]},{\"@type\":\"ImageObject\",\"inLanguage\":\"es\",\"@id\":\"https:\\\/\\\/chelibertario.com.ar\\\/index.php\\\/2026\\\/08\\\/02\\\/osadia-santafesina\\\/#primaryimage\",\"url\":\"https:\\\/\\\/chelibertario.com.ar\\\/wp-content\\\/uploads\\\/2026\\\/08\\\/17856848196697129858224761819747.jpg\",\"contentUrl\":\"https:\\\/\\\/chelibertario.com.ar\\\/wp-content\\\/uploads\\\/2026\\\/08\\\/17856848196697129858224761819747.jpg\",\"width\":1024,\"height\":680},{\"@type\":\"BreadcrumbList\",\"@id\":\"https:\\\/\\\/chelibertario.com.ar\\\/index.php\\\/2026\\\/08\\\/02\\\/osadia-santafesina\\\/#breadcrumb\",\"itemListElement\":[{\"@type\":\"ListItem\",\"position\":1,\"name\":\"Portada\",\"item\":\"https:\\\/\\\/chelibertario.com.ar\\\/\"},{\"@type\":\"ListItem\",\"position\":2,\"name\":\"Osad\u00eda santafesina\"}]},{\"@type\":\"WebSite\",\"@id\":\"https:\\\/\\\/chelibertario.com.ar\\\/#website\",\"url\":\"https:\\\/\\\/chelibertario.com.ar\\\/\",\"name\":\"Che Libertario\",\"description\":\"Militantes de la libertad, desafiliados pol\u00edticos. Comunidad de libres.\",\"publisher\":{\"@id\":\"https:\\\/\\\/chelibertario.com.ar\\\/#organization\"},\"potentialAction\":[{\"@type\":\"SearchAction\",\"target\":{\"@type\":\"EntryPoint\",\"urlTemplate\":\"https:\\\/\\\/chelibertario.com.ar\\\/?s={search_term_string}\"},\"query-input\":{\"@type\":\"PropertyValueSpecification\",\"valueRequired\":true,\"valueName\":\"search_term_string\"}}],\"inLanguage\":\"es\"},{\"@type\":\"Organization\",\"@id\":\"https:\\\/\\\/chelibertario.com.ar\\\/#organization\",\"name\":\"Che Libertario\",\"url\":\"https:\\\/\\\/chelibertario.com.ar\\\/\",\"logo\":{\"@type\":\"ImageObject\",\"inLanguage\":\"es\",\"@id\":\"https:\\\/\\\/chelibertario.com.ar\\\/#\\\/schema\\\/logo\\\/image\\\/\",\"url\":\"https:\\\/\\\/chelibertario.com.ar\\\/wp-content\\\/uploads\\\/2025\\\/11\\\/Che-Libertario-Logotipo-Final-scaled.jpg\",\"contentUrl\":\"https:\\\/\\\/chelibertario.com.ar\\\/wp-content\\\/uploads\\\/2025\\\/11\\\/Che-Libertario-Logotipo-Final-scaled.jpg\",\"width\":2560,\"height\":2560,\"caption\":\"Che Libertario\"},\"image\":{\"@id\":\"https:\\\/\\\/chelibertario.com.ar\\\/#\\\/schema\\\/logo\\\/image\\\/\"},\"sameAs\":[\"https:\\\/\\\/www.facebook.com\\\/CheLibertario\",\"https:\\\/\\\/x.com\\\/MuhandoJose\",\"https:\\\/\\\/www.instagram.com\\\/chelibertario\\\/\"]},{\"@type\":\"Person\",\"@id\":\"https:\\\/\\\/chelibertario.com.ar\\\/#\\\/schema\\\/person\\\/0c8ac8b44b3b32f38a4155bf54baff12\",\"name\":\"Jos\u00e9 Antonio Muhando\",\"pronouns\":\"Che Muhando\",\"image\":{\"@type\":\"ImageObject\",\"inLanguage\":\"es\",\"@id\":\"https:\\\/\\\/secure.gravatar.com\\\/avatar\\\/f83204b5fee976b18416bde7a042166b08876004285ca9706d56c88e7742a614?s=96&d=mm&r=g\",\"url\":\"https:\\\/\\\/secure.gravatar.com\\\/avatar\\\/f83204b5fee976b18416bde7a042166b08876004285ca9706d56c88e7742a614?s=96&d=mm&r=g\",\"contentUrl\":\"https:\\\/\\\/secure.gravatar.com\\\/avatar\\\/f83204b5fee976b18416bde7a042166b08876004285ca9706d56c88e7742a614?s=96&d=mm&r=g\",\"caption\":\"Jos\u00e9 Antonio Muhando\"},\"sameAs\":[\"https:\\\/\\\/chelibertario.com.ar\",\"facebook.com\\\/CheLibertario\",\"https:\\\/\\\/x.com\\\/https:\\\/\\\/x.com\\\/MuhandoJose\"],\"url\":\"https:\\\/\\\/chelibertario.com.ar\\\/index.php\\\/author\\\/jose\\\/\"}]}<\/script>\n<!-- \/ Yoast SEO plugin. -->","yoast_head_json":{"title":"Osad\u00eda santafesina - Che Libertario","description":"Militantes de la libertad, desafiliados pol\u00edticos.","robots":{"index":"index","follow":"follow","max-snippet":"max-snippet:-1","max-image-preview":"max-image-preview:large","max-video-preview":"max-video-preview:-1"},"canonical":"https:\/\/chelibertario.com.ar\/index.php\/2026\/08\/02\/osadia-santafesina\/","og_locale":"es_ES","og_type":"article","og_title":"Osad\u00eda santafesina - Che Libertario","og_description":"Militantes de la libertad, desafiliados pol\u00edticos.","og_url":"https:\/\/chelibertario.com.ar\/index.php\/2026\/08\/02\/osadia-santafesina\/","og_site_name":"Che Libertario","article_publisher":"https:\/\/www.facebook.com\/CheLibertario","article_author":"facebook.com\/CheLibertario","article_published_time":"2026-08-02T15:31:22+00:00","article_modified_time":"2026-08-02T19:37:36+00:00","og_image":[{"width":1024,"height":680,"url":"https:\/\/chelibertario.com.ar\/wp-content\/uploads\/2026\/08\/17856848196697129858224761819747.jpg","type":"image\/jpeg"}],"author":"Jos\u00e9 Antonio Muhando","twitter_card":"summary_large_image","twitter_creator":"@https:\/\/x.com\/MuhandoJose","twitter_site":"@MuhandoJose","twitter_misc":{"Escrito por":"Jos\u00e9 Antonio Muhando","Tiempo de lectura":"1 minuto"},"schema":{"@context":"https:\/\/schema.org","@graph":[{"@type":"Article","@id":"https:\/\/chelibertario.com.ar\/index.php\/2026\/08\/02\/osadia-santafesina\/#article","isPartOf":{"@id":"https:\/\/chelibertario.com.ar\/index.php\/2026\/08\/02\/osadia-santafesina\/"},"author":{"name":"Jos\u00e9 Antonio Muhando","@id":"https:\/\/chelibertario.com.ar\/#\/schema\/person\/0c8ac8b44b3b32f38a4155bf54baff12"},"headline":"Osad\u00eda santafesina","datePublished":"2026-08-02T15:31:22+00:00","dateModified":"2026-08-02T19:37:36+00:00","mainEntityOfPage":{"@id":"https:\/\/chelibertario.com.ar\/index.php\/2026\/08\/02\/osadia-santafesina\/"},"wordCount":128,"commentCount":0,"publisher":{"@id":"https:\/\/chelibertario.com.ar\/#organization"},"image":{"@id":"https:\/\/chelibertario.com.ar\/index.php\/2026\/08\/02\/osadia-santafesina\/#primaryimage"},"thumbnailUrl":"https:\/\/chelibertario.com.ar\/wp-content\/uploads\/2026\/08\/17856848196697129858224761819747.jpg","articleSection":["Uncategorized"],"inLanguage":"es","potentialAction":[{"@type":"CommentAction","name":"Comment","target":["https:\/\/chelibertario.com.ar\/index.php\/2026\/08\/02\/osadia-santafesina\/#respond"]}]},{"@type":"WebPage","@id":"https:\/\/chelibertario.com.ar\/index.php\/2026\/08\/02\/osadia-santafesina\/","url":"https:\/\/chelibertario.com.ar\/index.php\/2026\/08\/02\/osadia-santafesina\/","name":"Osad\u00eda santafesina - Che Libertario","isPartOf":{"@id":"https:\/\/chelibertario.com.ar\/#website"},"primaryImageOfPage":{"@id":"https:\/\/chelibertario.com.ar\/index.php\/2026\/08\/02\/osadia-santafesina\/#primaryimage"},"image":{"@id":"https:\/\/chelibertario.com.ar\/index.php\/2026\/08\/02\/osadia-santafesina\/#primaryimage"},"thumbnailUrl":"https:\/\/chelibertario.com.ar\/wp-content\/uploads\/2026\/08\/17856848196697129858224761819747.jpg","datePublished":"2026-08-02T15:31:22+00:00","dateModified":"2026-08-02T19:37:36+00:00","description":"Militantes de la libertad, desafiliados pol\u00edticos.","breadcrumb":{"@id":"https:\/\/chelibertario.com.ar\/index.php\/2026\/08\/02\/osadia-santafesina\/#breadcrumb"},"inLanguage":"es","potentialAction":[{"@type":"ReadAction","target":["https:\/\/chelibertario.com.ar\/index.php\/2026\/08\/02\/osadia-santafesina\/"]}]},{"@type":"ImageObject","inLanguage":"es","@id":"https:\/\/chelibertario.com.ar\/index.php\/2026\/08\/02\/osadia-santafesina\/#primaryimage","url":"https:\/\/chelibertario.com.ar\/wp-content\/uploads\/2026\/08\/17856848196697129858224761819747.jpg","contentUrl":"https:\/\/chelibertario.com.ar\/wp-content\/uploads\/2026\/08\/17856848196697129858224761819747.jpg","width":1024,"height":680},{"@type":"BreadcrumbList","@id":"https:\/\/chelibertario.com.ar\/index.php\/2026\/08\/02\/osadia-santafesina\/#breadcrumb","itemListElement":[{"@type":"ListItem","position":1,"name":"Portada","item":"https:\/\/chelibertario.com.ar\/"},{"@type":"ListItem","position":2,"name":"Osad\u00eda santafesina"}]},{"@type":"WebSite","@id":"https:\/\/chelibertario.com.ar\/#website","url":"https:\/\/chelibertario.com.ar\/","name":"Che Libertario","description":"Militantes de la libertad, desafiliados pol\u00edticos. Comunidad de libres.","publisher":{"@id":"https:\/\/chelibertario.com.ar\/#organization"},"potentialAction":[{"@type":"SearchAction","target":{"@type":"EntryPoint","urlTemplate":"https:\/\/chelibertario.com.ar\/?s={search_term_string}"},"query-input":{"@type":"PropertyValueSpecification","valueRequired":true,"valueName":"search_term_string"}}],"inLanguage":"es"},{"@type":"Organization","@id":"https:\/\/chelibertario.com.ar\/#organization","name":"Che Libertario","url":"https:\/\/chelibertario.com.ar\/","logo":{"@type":"ImageObject","inLanguage":"es","@id":"https:\/\/chelibertario.com.ar\/#\/schema\/logo\/image\/","url":"https:\/\/chelibertario.com.ar\/wp-content\/uploads\/2025\/11\/Che-Libertario-Logotipo-Final-scaled.jpg","contentUrl":"https:\/\/chelibertario.com.ar\/wp-content\/uploads\/2025\/11\/Che-Libertario-Logotipo-Final-scaled.jpg","width":2560,"height":2560,"caption":"Che Libertario"},"image":{"@id":"https:\/\/chelibertario.com.ar\/#\/schema\/logo\/image\/"},"sameAs":["https:\/\/www.facebook.com\/CheLibertario","https:\/\/x.com\/MuhandoJose","https:\/\/www.instagram.com\/chelibertario\/"]},{"@type":"Person","@id":"https:\/\/chelibertario.com.ar\/#\/schema\/person\/0c8ac8b44b3b32f38a4155bf54baff12","name":"Jos\u00e9 Antonio Muhando","pronouns":"Che Muhando","image":{"@type":"ImageObject","inLanguage":"es","@id":"https:\/\/secure.gravatar.com\/avatar\/f83204b5fee976b18416bde7a042166b08876004285ca9706d56c88e7742a614?s=96&d=mm&r=g","url":"https:\/\/secure.gravatar.com\/avatar\/f83204b5fee976b18416bde7a042166b08876004285ca9706d56c88e7742a614?s=96&d=mm&r=g","contentUrl":"https:\/\/secure.gravatar.com\/avatar\/f83204b5fee976b18416bde7a042166b08876004285ca9706d56c88e7742a614?s=96&d=mm&r=g","caption":"Jos\u00e9 Antonio Muhando"},"sameAs":["https:\/\/chelibertario.com.ar","facebook.com\/CheLibertario","https:\/\/x.com\/https:\/\/x.com\/MuhandoJose"],"url":"https:\/\/chelibertario.com.ar\/index.php\/author\/jose\/"}]}},"_links":{"self":[{"href":"https:\/\/chelibertario.com.ar\/index.php\/wp-json\/wp\/v2\/posts\/9769","targetHints":{"allow":["GET"]}}],"collection":[{"href":"https:\/\/chelibertario.com.ar\/index.php\/wp-json\/wp\/v2\/posts"}],"about":[{"href":"https:\/\/chelibertario.com.ar\/index.php\/wp-json\/wp\/v2\/types\/post"}],"author":[{"embeddable":true,"href":"https:\/\/chelibertario.com.ar\/index.php\/wp-json\/wp\/v2\/users\/1"}],"replies":[{"embeddable":true,"href":"https:\/\/chelibertario.com.ar\/index.php\/wp-json\/wp\/v2\/comments?post=9769"}],"version-history":[{"count":7,"href":"https:\/\/chelibertario.com.ar\/index.php\/wp-json\/wp\/v2\/posts\/9769\/revisions"}],"predecessor-version":[{"id":9788,"href":"https:\/\/chelibertario.com.ar\/index.php\/wp-json\/wp\/v2\/posts\/9769\/revisions\/9788"}],"wp:attachment":[{"href":"https:\/\/chelibertario.com.ar\/index.php\/wp-json\/wp\/v2\/media?parent=9769"}],"wp:term":[{"taxonomy":"category","embeddable":true,"href":"https:\/\/chelibertario.com.ar\/index.php\/wp-json\/wp\/v2\/categories?post=9769"},{"taxonomy":"post_tag","embeddable":true,"href":"https:\/\/chelibertario.com.ar\/index.php\/wp-json\/wp\/v2\/tags?post=9769"}],"curies":[{"name":"wp","href":"https:\/\/api.w.org\/{rel}","templated":true}]}}