{"id":9790,"date":"2026-08-03T04:22:52","date_gmt":"2026-08-03T04:22:52","guid":{"rendered":"https:\/\/chelibertario.com.ar\/?p=9790"},"modified":"2026-08-05T13:30:52","modified_gmt":"2026-08-05T13:30:52","slug":"la-otra-santa-fe","status":"publish","type":"post","link":"https:\/\/chelibertario.com.ar\/index.php\/2026\/08\/03\/la-otra-santa-fe\/","title":{"rendered":"La otra Santa Fe"},"content":{"rendered":"\n<figure class=\"wp-block-image size-large\"><img loading=\"lazy\" decoding=\"async\" width=\"1024\" height=\"576\" src=\"https:\/\/chelibertario.com.ar\/wp-content\/uploads\/2026\/08\/17859366129162093837641120835259-1024x576.jpg\" alt=\"\" class=\"wp-image-9830\" srcset=\"https:\/\/chelibertario.com.ar\/wp-content\/uploads\/2026\/08\/17859366129162093837641120835259-1024x576.jpg 1024w, https:\/\/chelibertario.com.ar\/wp-content\/uploads\/2026\/08\/17859366129162093837641120835259-300x169.jpg 300w, https:\/\/chelibertario.com.ar\/wp-content\/uploads\/2026\/08\/17859366129162093837641120835259-768x432.jpg 768w, https:\/\/chelibertario.com.ar\/wp-content\/uploads\/2026\/08\/17859366129162093837641120835259.jpg 1200w\" sizes=\"auto, (max-width: 1024px) 100vw, 1024px\" \/><\/figure>\n\n\n\n<p class=\"wp-block-paragraph\">No todos vivimos en la misma ciudad, parece que no vemos el aumento de gente en situaci\u00f3n de calle, de todas las edades, la presencia de mujeres resulta notorio en comparaci\u00f3n con a\u00f1os anteriores.<\/p>\n\n\n\n<p class=\"wp-block-paragraph\">Dormir a la intemperie es literalmente devastador para la cabeza de cualquiera, la supervivencia se vuelve muy fr\u00e1gil; desamparo, violencia, delincuencia, problemas mentales y adicciones.<\/p>\n","protected":false},"excerpt":{"rendered":"<p>No todos vivimos en la misma ciudad, parece que no vemos el aumento de gente en situaci\u00f3n de calle, de todas las edades, la presencia de mujeres resulta notorio en comparaci\u00f3n con a\u00f1os anteriores. Dormir a la intemperie es literalmente devastador para la cabeza de cualquiera, la supervivencia se vuelve muy fr\u00e1gil; desamparo, violencia, delincuencia, [&hellip;]<\/p>\n","protected":false},"author":1,"featured_media":0,"comment_status":"open","ping_status":"closed","sticky":false,"template":"","format":"standard","meta":{"footnotes":""},"categories":[1],"tags":[],"class_list":["post-9790","post","type-post","status-publish","format-standard","hentry","category-uncategorized"],"yoast_head":"<!-- This site is optimized with the Yoast SEO plugin v28.4 - https:\/\/yoast.com\/product\/yoast-seo-wordpress\/ -->\n<title>La otra Santa Fe - Che Libertario<\/title>\n<meta name=\"description\" content=\"Militantes de la libertad, desafiliados pol\u00edticos.\" \/>\n<meta name=\"robots\" content=\"index, follow, max-snippet:-1, max-image-preview:large, max-video-preview:-1\" \/>\n<link rel=\"canonical\" href=\"https:\/\/chelibertario.com.ar\/index.php\/2026\/08\/03\/la-otra-santa-fe\/\" \/>\n<meta property=\"og:locale\" content=\"es_ES\" \/>\n<meta property=\"og:type\" content=\"article\" \/>\n<meta property=\"og:title\" content=\"La otra Santa Fe - Che Libertario\" \/>\n<meta property=\"og:description\" content=\"Militantes de la libertad, desafiliados pol\u00edticos.\" \/>\n<meta property=\"og:url\" content=\"https:\/\/chelibertario.com.ar\/index.php\/2026\/08\/03\/la-otra-santa-fe\/\" \/>\n<meta property=\"og:site_name\" content=\"Che Libertario\" \/>\n<meta property=\"article:publisher\" content=\"https:\/\/www.facebook.com\/CheLibertario\" \/>\n<meta property=\"article:author\" content=\"facebook.com\/CheLibertario\" \/>\n<meta property=\"article:published_time\" content=\"2026-08-03T04:22:52+00:00\" \/>\n<meta property=\"article:modified_time\" content=\"2026-08-05T13:30:52+00:00\" \/>\n<meta property=\"og:image\" content=\"https:\/\/chelibertario.com.ar\/wp-content\/uploads\/2026\/08\/17859366129162093837641120835259.jpg\" \/>\n\t<meta property=\"og:image:width\" content=\"1200\" \/>\n\t<meta property=\"og:image:height\" content=\"675\" \/>\n\t<meta property=\"og:image:type\" content=\"image\/jpeg\" \/>\n<meta name=\"author\" content=\"Jos\u00e9 Antonio Muhando\" \/>\n<meta name=\"twitter:card\" content=\"summary_large_image\" \/>\n<meta name=\"twitter:creator\" content=\"@https:\/\/x.com\/MuhandoJose\" \/>\n<meta name=\"twitter:site\" content=\"@MuhandoJose\" \/>\n<meta name=\"twitter:label1\" content=\"Escrito por\" \/>\n\t<meta name=\"twitter:data1\" content=\"Jos\u00e9 Antonio Muhando\" \/>\n\t<meta name=\"twitter:label2\" content=\"Tiempo de lectura\" \/>\n\t<meta name=\"twitter:data2\" content=\"1 minuto\" \/>\n<script type=\"application\/ld+json\" class=\"yoast-schema-graph\">{\"@context\":\"https:\\\/\\\/schema.org\",\"@graph\":[{\"@type\":\"Article\",\"@id\":\"https:\\\/\\\/chelibertario.com.ar\\\/index.php\\\/2026\\\/08\\\/03\\\/la-otra-santa-fe\\\/#article\",\"isPartOf\":{\"@id\":\"https:\\\/\\\/chelibertario.com.ar\\\/index.php\\\/2026\\\/08\\\/03\\\/la-otra-santa-fe\\\/\"},\"author\":{\"name\":\"Jos\u00e9 Antonio Muhando\",\"@id\":\"https:\\\/\\\/chelibertario.com.ar\\\/#\\\/schema\\\/person\\\/0c8ac8b44b3b32f38a4155bf54baff12\"},\"headline\":\"La otra Santa Fe\",\"datePublished\":\"2026-08-03T04:22:52+00:00\",\"dateModified\":\"2026-08-05T13:30:52+00:00\",\"mainEntityOfPage\":{\"@id\":\"https:\\\/\\\/chelibertario.com.ar\\\/index.php\\\/2026\\\/08\\\/03\\\/la-otra-santa-fe\\\/\"},\"wordCount\":67,\"commentCount\":0,\"publisher\":{\"@id\":\"https:\\\/\\\/chelibertario.com.ar\\\/#organization\"},\"image\":{\"@id\":\"https:\\\/\\\/chelibertario.com.ar\\\/index.php\\\/2026\\\/08\\\/03\\\/la-otra-santa-fe\\\/#primaryimage\"},\"thumbnailUrl\":\"https:\\\/\\\/chelibertario.com.ar\\\/wp-content\\\/uploads\\\/2026\\\/08\\\/17859366129162093837641120835259-1024x576.jpg\",\"articleSection\":[\"Uncategorized\"],\"inLanguage\":\"es\",\"potentialAction\":[{\"@type\":\"CommentAction\",\"name\":\"Comment\",\"target\":[\"https:\\\/\\\/chelibertario.com.ar\\\/index.php\\\/2026\\\/08\\\/03\\\/la-otra-santa-fe\\\/#respond\"]}]},{\"@type\":\"WebPage\",\"@id\":\"https:\\\/\\\/chelibertario.com.ar\\\/index.php\\\/2026\\\/08\\\/03\\\/la-otra-santa-fe\\\/\",\"url\":\"https:\\\/\\\/chelibertario.com.ar\\\/index.php\\\/2026\\\/08\\\/03\\\/la-otra-santa-fe\\\/\",\"name\":\"La otra Santa Fe - Che Libertario\",\"isPartOf\":{\"@id\":\"https:\\\/\\\/chelibertario.com.ar\\\/#website\"},\"primaryImageOfPage\":{\"@id\":\"https:\\\/\\\/chelibertario.com.ar\\\/index.php\\\/2026\\\/08\\\/03\\\/la-otra-santa-fe\\\/#primaryimage\"},\"image\":{\"@id\":\"https:\\\/\\\/chelibertario.com.ar\\\/index.php\\\/2026\\\/08\\\/03\\\/la-otra-santa-fe\\\/#primaryimage\"},\"thumbnailUrl\":\"https:\\\/\\\/chelibertario.com.ar\\\/wp-content\\\/uploads\\\/2026\\\/08\\\/17859366129162093837641120835259-1024x576.jpg\",\"datePublished\":\"2026-08-03T04:22:52+00:00\",\"dateModified\":\"2026-08-05T13:30:52+00:00\",\"description\":\"Militantes de la libertad, desafiliados pol\u00edticos.\",\"breadcrumb\":{\"@id\":\"https:\\\/\\\/chelibertario.com.ar\\\/index.php\\\/2026\\\/08\\\/03\\\/la-otra-santa-fe\\\/#breadcrumb\"},\"inLanguage\":\"es\",\"potentialAction\":[{\"@type\":\"ReadAction\",\"target\":[\"https:\\\/\\\/chelibertario.com.ar\\\/index.php\\\/2026\\\/08\\\/03\\\/la-otra-santa-fe\\\/\"]}]},{\"@type\":\"ImageObject\",\"inLanguage\":\"es\",\"@id\":\"https:\\\/\\\/chelibertario.com.ar\\\/index.php\\\/2026\\\/08\\\/03\\\/la-otra-santa-fe\\\/#primaryimage\",\"url\":\"https:\\\/\\\/chelibertario.com.ar\\\/wp-content\\\/uploads\\\/2026\\\/08\\\/17859366129162093837641120835259.jpg\",\"contentUrl\":\"https:\\\/\\\/chelibertario.com.ar\\\/wp-content\\\/uploads\\\/2026\\\/08\\\/17859366129162093837641120835259.jpg\",\"width\":1200,\"height\":675},{\"@type\":\"BreadcrumbList\",\"@id\":\"https:\\\/\\\/chelibertario.com.ar\\\/index.php\\\/2026\\\/08\\\/03\\\/la-otra-santa-fe\\\/#breadcrumb\",\"itemListElement\":[{\"@type\":\"ListItem\",\"position\":1,\"name\":\"Portada\",\"item\":\"https:\\\/\\\/chelibertario.com.ar\\\/\"},{\"@type\":\"ListItem\",\"position\":2,\"name\":\"La otra Santa Fe\"}]},{\"@type\":\"WebSite\",\"@id\":\"https:\\\/\\\/chelibertario.com.ar\\\/#website\",\"url\":\"https:\\\/\\\/chelibertario.com.ar\\\/\",\"name\":\"Che Libertario\",\"description\":\"Militantes de la libertad, desafiliados pol\u00edticos. Comunidad de libres.\",\"publisher\":{\"@id\":\"https:\\\/\\\/chelibertario.com.ar\\\/#organization\"},\"potentialAction\":[{\"@type\":\"SearchAction\",\"target\":{\"@type\":\"EntryPoint\",\"urlTemplate\":\"https:\\\/\\\/chelibertario.com.ar\\\/?s={search_term_string}\"},\"query-input\":{\"@type\":\"PropertyValueSpecification\",\"valueRequired\":true,\"valueName\":\"search_term_string\"}}],\"inLanguage\":\"es\"},{\"@type\":\"Organization\",\"@id\":\"https:\\\/\\\/chelibertario.com.ar\\\/#organization\",\"name\":\"Che Libertario\",\"url\":\"https:\\\/\\\/chelibertario.com.ar\\\/\",\"logo\":{\"@type\":\"ImageObject\",\"inLanguage\":\"es\",\"@id\":\"https:\\\/\\\/chelibertario.com.ar\\\/#\\\/schema\\\/logo\\\/image\\\/\",\"url\":\"https:\\\/\\\/chelibertario.com.ar\\\/wp-content\\\/uploads\\\/2025\\\/11\\\/Che-Libertario-Logotipo-Final-scaled.jpg\",\"contentUrl\":\"https:\\\/\\\/chelibertario.com.ar\\\/wp-content\\\/uploads\\\/2025\\\/11\\\/Che-Libertario-Logotipo-Final-scaled.jpg\",\"width\":2560,\"height\":2560,\"caption\":\"Che Libertario\"},\"image\":{\"@id\":\"https:\\\/\\\/chelibertario.com.ar\\\/#\\\/schema\\\/logo\\\/image\\\/\"},\"sameAs\":[\"https:\\\/\\\/www.facebook.com\\\/CheLibertario\",\"https:\\\/\\\/x.com\\\/MuhandoJose\",\"https:\\\/\\\/www.instagram.com\\\/chelibertario\\\/\"]},{\"@type\":\"Person\",\"@id\":\"https:\\\/\\\/chelibertario.com.ar\\\/#\\\/schema\\\/person\\\/0c8ac8b44b3b32f38a4155bf54baff12\",\"name\":\"Jos\u00e9 Antonio Muhando\",\"pronouns\":\"Che Muhando\",\"image\":{\"@type\":\"ImageObject\",\"inLanguage\":\"es\",\"@id\":\"https:\\\/\\\/secure.gravatar.com\\\/avatar\\\/f83204b5fee976b18416bde7a042166b08876004285ca9706d56c88e7742a614?s=96&d=mm&r=g\",\"url\":\"https:\\\/\\\/secure.gravatar.com\\\/avatar\\\/f83204b5fee976b18416bde7a042166b08876004285ca9706d56c88e7742a614?s=96&d=mm&r=g\",\"contentUrl\":\"https:\\\/\\\/secure.gravatar.com\\\/avatar\\\/f83204b5fee976b18416bde7a042166b08876004285ca9706d56c88e7742a614?s=96&d=mm&r=g\",\"caption\":\"Jos\u00e9 Antonio Muhando\"},\"sameAs\":[\"https:\\\/\\\/chelibertario.com.ar\",\"facebook.com\\\/CheLibertario\",\"https:\\\/\\\/x.com\\\/https:\\\/\\\/x.com\\\/MuhandoJose\"],\"url\":\"https:\\\/\\\/chelibertario.com.ar\\\/index.php\\\/author\\\/jose\\\/\"}]}<\/script>\n<!-- \/ Yoast SEO plugin. -->","yoast_head_json":{"title":"La otra Santa Fe - Che Libertario","description":"Militantes de la libertad, desafiliados pol\u00edticos.","robots":{"index":"index","follow":"follow","max-snippet":"max-snippet:-1","max-image-preview":"max-image-preview:large","max-video-preview":"max-video-preview:-1"},"canonical":"https:\/\/chelibertario.com.ar\/index.php\/2026\/08\/03\/la-otra-santa-fe\/","og_locale":"es_ES","og_type":"article","og_title":"La otra Santa Fe - Che Libertario","og_description":"Militantes de la libertad, desafiliados pol\u00edticos.","og_url":"https:\/\/chelibertario.com.ar\/index.php\/2026\/08\/03\/la-otra-santa-fe\/","og_site_name":"Che Libertario","article_publisher":"https:\/\/www.facebook.com\/CheLibertario","article_author":"facebook.com\/CheLibertario","article_published_time":"2026-08-03T04:22:52+00:00","article_modified_time":"2026-08-05T13:30:52+00:00","og_image":[{"width":1200,"height":675,"url":"https:\/\/chelibertario.com.ar\/wp-content\/uploads\/2026\/08\/17859366129162093837641120835259.jpg","type":"image\/jpeg"}],"author":"Jos\u00e9 Antonio Muhando","twitter_card":"summary_large_image","twitter_creator":"@https:\/\/x.com\/MuhandoJose","twitter_site":"@MuhandoJose","twitter_misc":{"Escrito por":"Jos\u00e9 Antonio Muhando","Tiempo de lectura":"1 minuto"},"schema":{"@context":"https:\/\/schema.org","@graph":[{"@type":"Article","@id":"https:\/\/chelibertario.com.ar\/index.php\/2026\/08\/03\/la-otra-santa-fe\/#article","isPartOf":{"@id":"https:\/\/chelibertario.com.ar\/index.php\/2026\/08\/03\/la-otra-santa-fe\/"},"author":{"name":"Jos\u00e9 Antonio Muhando","@id":"https:\/\/chelibertario.com.ar\/#\/schema\/person\/0c8ac8b44b3b32f38a4155bf54baff12"},"headline":"La otra Santa Fe","datePublished":"2026-08-03T04:22:52+00:00","dateModified":"2026-08-05T13:30:52+00:00","mainEntityOfPage":{"@id":"https:\/\/chelibertario.com.ar\/index.php\/2026\/08\/03\/la-otra-santa-fe\/"},"wordCount":67,"commentCount":0,"publisher":{"@id":"https:\/\/chelibertario.com.ar\/#organization"},"image":{"@id":"https:\/\/chelibertario.com.ar\/index.php\/2026\/08\/03\/la-otra-santa-fe\/#primaryimage"},"thumbnailUrl":"https:\/\/chelibertario.com.ar\/wp-content\/uploads\/2026\/08\/17859366129162093837641120835259-1024x576.jpg","articleSection":["Uncategorized"],"inLanguage":"es","potentialAction":[{"@type":"CommentAction","name":"Comment","target":["https:\/\/chelibertario.com.ar\/index.php\/2026\/08\/03\/la-otra-santa-fe\/#respond"]}]},{"@type":"WebPage","@id":"https:\/\/chelibertario.com.ar\/index.php\/2026\/08\/03\/la-otra-santa-fe\/","url":"https:\/\/chelibertario.com.ar\/index.php\/2026\/08\/03\/la-otra-santa-fe\/","name":"La otra Santa Fe - Che Libertario","isPartOf":{"@id":"https:\/\/chelibertario.com.ar\/#website"},"primaryImageOfPage":{"@id":"https:\/\/chelibertario.com.ar\/index.php\/2026\/08\/03\/la-otra-santa-fe\/#primaryimage"},"image":{"@id":"https:\/\/chelibertario.com.ar\/index.php\/2026\/08\/03\/la-otra-santa-fe\/#primaryimage"},"thumbnailUrl":"https:\/\/chelibertario.com.ar\/wp-content\/uploads\/2026\/08\/17859366129162093837641120835259-1024x576.jpg","datePublished":"2026-08-03T04:22:52+00:00","dateModified":"2026-08-05T13:30:52+00:00","description":"Militantes de la libertad, desafiliados pol\u00edticos.","breadcrumb":{"@id":"https:\/\/chelibertario.com.ar\/index.php\/2026\/08\/03\/la-otra-santa-fe\/#breadcrumb"},"inLanguage":"es","potentialAction":[{"@type":"ReadAction","target":["https:\/\/chelibertario.com.ar\/index.php\/2026\/08\/03\/la-otra-santa-fe\/"]}]},{"@type":"ImageObject","inLanguage":"es","@id":"https:\/\/chelibertario.com.ar\/index.php\/2026\/08\/03\/la-otra-santa-fe\/#primaryimage","url":"https:\/\/chelibertario.com.ar\/wp-content\/uploads\/2026\/08\/17859366129162093837641120835259.jpg","contentUrl":"https:\/\/chelibertario.com.ar\/wp-content\/uploads\/2026\/08\/17859366129162093837641120835259.jpg","width":1200,"height":675},{"@type":"BreadcrumbList","@id":"https:\/\/chelibertario.com.ar\/index.php\/2026\/08\/03\/la-otra-santa-fe\/#breadcrumb","itemListElement":[{"@type":"ListItem","position":1,"name":"Portada","item":"https:\/\/chelibertario.com.ar\/"},{"@type":"ListItem","position":2,"name":"La otra Santa Fe"}]},{"@type":"WebSite","@id":"https:\/\/chelibertario.com.ar\/#website","url":"https:\/\/chelibertario.com.ar\/","name":"Che Libertario","description":"Militantes de la libertad, desafiliados pol\u00edticos. Comunidad de libres.","publisher":{"@id":"https:\/\/chelibertario.com.ar\/#organization"},"potentialAction":[{"@type":"SearchAction","target":{"@type":"EntryPoint","urlTemplate":"https:\/\/chelibertario.com.ar\/?s={search_term_string}"},"query-input":{"@type":"PropertyValueSpecification","valueRequired":true,"valueName":"search_term_string"}}],"inLanguage":"es"},{"@type":"Organization","@id":"https:\/\/chelibertario.com.ar\/#organization","name":"Che Libertario","url":"https:\/\/chelibertario.com.ar\/","logo":{"@type":"ImageObject","inLanguage":"es","@id":"https:\/\/chelibertario.com.ar\/#\/schema\/logo\/image\/","url":"https:\/\/chelibertario.com.ar\/wp-content\/uploads\/2025\/11\/Che-Libertario-Logotipo-Final-scaled.jpg","contentUrl":"https:\/\/chelibertario.com.ar\/wp-content\/uploads\/2025\/11\/Che-Libertario-Logotipo-Final-scaled.jpg","width":2560,"height":2560,"caption":"Che Libertario"},"image":{"@id":"https:\/\/chelibertario.com.ar\/#\/schema\/logo\/image\/"},"sameAs":["https:\/\/www.facebook.com\/CheLibertario","https:\/\/x.com\/MuhandoJose","https:\/\/www.instagram.com\/chelibertario\/"]},{"@type":"Person","@id":"https:\/\/chelibertario.com.ar\/#\/schema\/person\/0c8ac8b44b3b32f38a4155bf54baff12","name":"Jos\u00e9 Antonio Muhando","pronouns":"Che Muhando","image":{"@type":"ImageObject","inLanguage":"es","@id":"https:\/\/secure.gravatar.com\/avatar\/f83204b5fee976b18416bde7a042166b08876004285ca9706d56c88e7742a614?s=96&d=mm&r=g","url":"https:\/\/secure.gravatar.com\/avatar\/f83204b5fee976b18416bde7a042166b08876004285ca9706d56c88e7742a614?s=96&d=mm&r=g","contentUrl":"https:\/\/secure.gravatar.com\/avatar\/f83204b5fee976b18416bde7a042166b08876004285ca9706d56c88e7742a614?s=96&d=mm&r=g","caption":"Jos\u00e9 Antonio Muhando"},"sameAs":["https:\/\/chelibertario.com.ar","facebook.com\/CheLibertario","https:\/\/x.com\/https:\/\/x.com\/MuhandoJose"],"url":"https:\/\/chelibertario.com.ar\/index.php\/author\/jose\/"}]}},"_links":{"self":[{"href":"https:\/\/chelibertario.com.ar\/index.php\/wp-json\/wp\/v2\/posts\/9790","targetHints":{"allow":["GET"]}}],"collection":[{"href":"https:\/\/chelibertario.com.ar\/index.php\/wp-json\/wp\/v2\/posts"}],"about":[{"href":"https:\/\/chelibertario.com.ar\/index.php\/wp-json\/wp\/v2\/types\/post"}],"author":[{"embeddable":true,"href":"https:\/\/chelibertario.com.ar\/index.php\/wp-json\/wp\/v2\/users\/1"}],"replies":[{"embeddable":true,"href":"https:\/\/chelibertario.com.ar\/index.php\/wp-json\/wp\/v2\/comments?post=9790"}],"version-history":[{"count":4,"href":"https:\/\/chelibertario.com.ar\/index.php\/wp-json\/wp\/v2\/posts\/9790\/revisions"}],"predecessor-version":[{"id":9831,"href":"https:\/\/chelibertario.com.ar\/index.php\/wp-json\/wp\/v2\/posts\/9790\/revisions\/9831"}],"wp:attachment":[{"href":"https:\/\/chelibertario.com.ar\/index.php\/wp-json\/wp\/v2\/media?parent=9790"}],"wp:term":[{"taxonomy":"category","embeddable":true,"href":"https:\/\/chelibertario.com.ar\/index.php\/wp-json\/wp\/v2\/categories?post=9790"},{"taxonomy":"post_tag","embeddable":true,"href":"https:\/\/chelibertario.com.ar\/index.php\/wp-json\/wp\/v2\/tags?post=9790"}],"curies":[{"name":"wp","href":"https:\/\/api.w.org\/{rel}","templated":true}]}}